{"id":14780,"date":"2023-10-24T16:30:51","date_gmt":"2023-10-24T14:30:51","guid":{"rendered":"https:\/\/www.monzalecco.lombardia.cisl.it\/?p=14780"},"modified":"2023-10-25T11:34:22","modified_gmt":"2023-10-25T09:34:22","slug":"sicuramente-orientarsi-al-lavoro-sicuro","status":"publish","type":"post","link":"https:\/\/www.monzalecco.lombardia.cisl.it\/?p=14780","title":{"rendered":"SicuraMente. Orientarsi al lavoro sicuro"},"content":{"rendered":"\n<p>In occasione della settimana europea per la salute e sicurezza sul lavoro, OPTA Lecco (Organismo Paritetico Territoriale dell&#8217;Artigianato) ha presentato questa mattina in conferenza stampa il progetto formativo &#8220;SicuraMente. Orientarsi al lavoro sicuro&#8221;, rivolto alle classi 3\u00b0 e 4\u00b0 degli istituti tecnici del territorio preposti alla formazione dei futuri artigiani.&nbsp;<\/p>\n\n\n\n<p>&#8220;La sicurezza entra nelle scuole&#8221; ha spiegato Marcello Riva, coordinatore per la parte sindacale di OPTA Lecco. &#8220;Anche quest&#8217;anno abbiamo voluto mettere in campo un&#8217;attivit\u00e0 per perseguire il nostro ambizioso obiettivo: fare prevenzione tra le giovani generazioni, piantare in loro un piccolo seme che germogli in una vera e propria cultura della sicurezza, cos\u00ec che quando si approcceranno al mondo del lavoro avranno ben presente che la priorit\u00e0 \u00e8 la salvaguardia della propria salute, al di sopra delle performance lavorative e del risparmio di energie o di tempo\u201d. &nbsp;<\/p>\n\n\n\n<p>Gli incontri con i ragazzi inizieranno con la presentazione, da parte dell\u2019autrice stessa, del libro \u201cLe ragazze fantasma\u201d di Virginia Benenati. Il libro racconta, in stile romanzato, la storia di alcune ragazze che all\u2019inizio del novecento avevano accettato con entusiasmo di lavorare per un\u2019azienda americana. Ragione del loro entusiasmo era l\u2019utilizzo del radio, recente scoperta  di quel periodo storico e quindi molto pubblicizzato e ritenuto non nocivo per la salute. Ma la realt\u00e0 era molto diversa e lo hanno scoperto a loro spese quando hanno iniziato ad ammalarsi. Il loro lavoro consisteva infatti nel disegnare le lancette degli orologi con una vernice a base di radio e la tecnica utilizzata prevedeva di portare il pennello alle labbra per sistemare le setole. Questo le ha portate ovviamente a terribili conseguenze e la storia che ne \u00e8 seguita \u00e8 raccontata nel libro.<\/p>\n\n\n\n<p>Gli incontri formativi con gli studenti prosegiuiranno con l\u2019intervento degli RLS Territoriali (Rappresentanti dei lavoratori per la sicurezza), figure quotidianamente frequentano le aziende e che possono quindi portare ai giovani una testimonianza diretta di ci\u00f2 che succede ogni giorni nei luoghi di lavoro e a cosa prestare attenzione&#8221; <\/p>\n\n\n\n<p>I moduli formativi si svolgeranno durante i mesi di dicembre e gennaio.<\/p>\n\n\n\n<div class=\"alignnormal\">[metaslider id=14790 cssclass=&#8221;&#8221;]<\/div>\n","protected":false},"excerpt":{"rendered":"<p>In occasione della settimana europea per la salute e sicurezza sul lavoro, OPTA Lecco (Organismo Paritetico Territoriale dell&#8217;Artigianato) ha presentato questa mattina in conferenza stampa il progetto formativo &#8220;SicuraMente. Orientarsi al lavoro sicuro&#8221;, rivolto alle classi 3\u00b0 e 4\u00b0 degli istituti tecnici del territorio preposti alla formazione dei futuri artigiani.&nbsp; &#8220;La sicurezza entra nelle scuole&#8221; [&hellip;]<\/p>\n","protected":false},"author":5,"featured_media":14789,"comment_status":"closed","ping_status":"open","sticky":false,"template":"","format":"standard","meta":{"footnotes":""},"categories":[1],"tags":[],"class_list":{"0":"post-14780","1":"post","2":"type-post","3":"status-publish","4":"format-standard","5":"has-post-thumbnail","7":"category-notizie","8":"czr-hentry"},"_links":{"self":[{"href":"https:\/\/www.monzalecco.lombardia.cisl.it\/index.php?rest_route=\/wp\/v2\/posts\/14780","targetHints":{"allow":["GET"]}}],"collection":[{"href":"https:\/\/www.monzalecco.lombardia.cisl.it\/index.php?rest_route=\/wp\/v2\/posts"}],"about":[{"href":"https:\/\/www.monzalecco.lombardia.cisl.it\/index.php?rest_route=\/wp\/v2\/types\/post"}],"author":[{"embeddable":true,"href":"https:\/\/www.monzalecco.lombardia.cisl.it\/index.php?rest_route=\/wp\/v2\/users\/5"}],"replies":[{"embeddable":true,"href":"https:\/\/www.monzalecco.lombardia.cisl.it\/index.php?rest_route=%2Fwp%2Fv2%2Fcomments&post=14780"}],"version-history":[{"count":11,"href":"https:\/\/www.monzalecco.lombardia.cisl.it\/index.php?rest_route=\/wp\/v2\/posts\/14780\/revisions"}],"predecessor-version":[{"id":14801,"href":"https:\/\/www.monzalecco.lombardia.cisl.it\/index.php?rest_route=\/wp\/v2\/posts\/14780\/revisions\/14801"}],"wp:featuredmedia":[{"embeddable":true,"href":"https:\/\/www.monzalecco.lombardia.cisl.it\/index.php?rest_route=\/wp\/v2\/media\/14789"}],"wp:attachment":[{"href":"https:\/\/www.monzalecco.lombardia.cisl.it\/index.php?rest_route=%2Fwp%2Fv2%2Fmedia&parent=14780"}],"wp:term":[{"taxonomy":"category","embeddable":true,"href":"https:\/\/www.monzalecco.lombardia.cisl.it\/index.php?rest_route=%2Fwp%2Fv2%2Fcategories&post=14780"},{"taxonomy":"post_tag","embeddable":true,"href":"https:\/\/www.monzalecco.lombardia.cisl.it\/index.php?rest_route=%2Fwp%2Fv2%2Ftags&post=14780"}],"curies":[{"name":"wp","href":"https:\/\/api.w.org\/{rel}","templated":true}]}}