{"id":14827,"date":"2023-10-31T10:48:04","date_gmt":"2023-10-31T09:48:04","guid":{"rendered":"https:\/\/www.monzalecco.lombardia.cisl.it\/?p=14827"},"modified":"2023-10-31T10:57:12","modified_gmt":"2023-10-31T09:57:12","slug":"presidio-per-la-pace-e-il-disarmo-a-monza","status":"publish","type":"post","link":"https:\/\/www.monzalecco.lombardia.cisl.it\/?p=14827","title":{"rendered":"Presidio per la pace e il disarmo a Monza"},"content":{"rendered":"\n<p>&#8220;Fermiamo la guerra, prendiamo in mano la pace&#8221; <\/p>\n\n\n\n<p><br>Sar\u00e0 questo il motto del presidio organizzato dalla rete Brianza Accogliente e Solidale che si svolger\u00e0 venerd\u00ec 10 novembre alle 18.30 a Monza in Piazza Roma (Arengario).<br>Vi aspettiamo numerosi!<\/p>\n\n\n\n<figure class=\"wp-block-image size-large\"><img loading=\"lazy\" decoding=\"async\" width=\"734\" height=\"1024\" src=\"https:\/\/www.monzalecco.lombardia.cisl.it\/wp-content\/uploads\/2023\/10\/Presidio-per-la-pace-e-il-disarmo-a-Monza-734x1024.jpg\" alt=\"\" class=\"wp-image-14828\" srcset=\"https:\/\/www.monzalecco.lombardia.cisl.it\/wp-content\/uploads\/2023\/10\/Presidio-per-la-pace-e-il-disarmo-a-Monza-734x1024.jpg 734w, https:\/\/www.monzalecco.lombardia.cisl.it\/wp-content\/uploads\/2023\/10\/Presidio-per-la-pace-e-il-disarmo-a-Monza-215x300.jpg 215w, https:\/\/www.monzalecco.lombardia.cisl.it\/wp-content\/uploads\/2023\/10\/Presidio-per-la-pace-e-il-disarmo-a-Monza-768x1072.jpg 768w, https:\/\/www.monzalecco.lombardia.cisl.it\/wp-content\/uploads\/2023\/10\/Presidio-per-la-pace-e-il-disarmo-a-Monza.jpg 1077w\" sizes=\"auto, (max-width: 734px) 100vw, 734px\" \/><\/figure>\n","protected":false},"excerpt":{"rendered":"<p>&#8220;Fermiamo la guerra, prendiamo in mano la pace&#8221; Sar\u00e0 questo il motto del presidio organizzato dalla rete Brianza Accogliente e Solidale che si svolger\u00e0 venerd\u00ec 10 novembre alle 18.30 a Monza in Piazza Roma (Arengario).Vi aspettiamo numerosi!<\/p>\n","protected":false},"author":5,"featured_media":14829,"comment_status":"closed","ping_status":"open","sticky":false,"template":"","format":"standard","meta":{"footnotes":""},"categories":[1],"tags":[1182],"class_list":{"0":"post-14827","1":"post","2":"type-post","3":"status-publish","4":"format-standard","5":"has-post-thumbnail","7":"category-notizie","8":"tag-presidio-per-la-pace","9":"czr-hentry"},"_links":{"self":[{"href":"https:\/\/www.monzalecco.lombardia.cisl.it\/index.php?rest_route=\/wp\/v2\/posts\/14827","targetHints":{"allow":["GET"]}}],"collection":[{"href":"https:\/\/www.monzalecco.lombardia.cisl.it\/index.php?rest_route=\/wp\/v2\/posts"}],"about":[{"href":"https:\/\/www.monzalecco.lombardia.cisl.it\/index.php?rest_route=\/wp\/v2\/types\/post"}],"author":[{"embeddable":true,"href":"https:\/\/www.monzalecco.lombardia.cisl.it\/index.php?rest_route=\/wp\/v2\/users\/5"}],"replies":[{"embeddable":true,"href":"https:\/\/www.monzalecco.lombardia.cisl.it\/index.php?rest_route=%2Fwp%2Fv2%2Fcomments&post=14827"}],"version-history":[{"count":2,"href":"https:\/\/www.monzalecco.lombardia.cisl.it\/index.php?rest_route=\/wp\/v2\/posts\/14827\/revisions"}],"predecessor-version":[{"id":14831,"href":"https:\/\/www.monzalecco.lombardia.cisl.it\/index.php?rest_route=\/wp\/v2\/posts\/14827\/revisions\/14831"}],"wp:featuredmedia":[{"embeddable":true,"href":"https:\/\/www.monzalecco.lombardia.cisl.it\/index.php?rest_route=\/wp\/v2\/media\/14829"}],"wp:attachment":[{"href":"https:\/\/www.monzalecco.lombardia.cisl.it\/index.php?rest_route=%2Fwp%2Fv2%2Fmedia&parent=14827"}],"wp:term":[{"taxonomy":"category","embeddable":true,"href":"https:\/\/www.monzalecco.lombardia.cisl.it\/index.php?rest_route=%2Fwp%2Fv2%2Fcategories&post=14827"},{"taxonomy":"post_tag","embeddable":true,"href":"https:\/\/www.monzalecco.lombardia.cisl.it\/index.php?rest_route=%2Fwp%2Fv2%2Ftags&post=14827"}],"curies":[{"name":"wp","href":"https:\/\/api.w.org\/{rel}","templated":true}]}}