{"id":14863,"date":"2023-11-18T11:06:38","date_gmt":"2023-11-18T10:06:38","guid":{"rendered":"https:\/\/www.monzalecco.lombardia.cisl.it\/?p=14863"},"modified":"2023-12-06T22:54:33","modified_gmt":"2023-12-06T21:54:33","slug":"14863","status":"publish","type":"post","link":"https:\/\/www.monzalecco.lombardia.cisl.it\/?p=14863","title":{"rendered":"LIBERE DI SCEGLIERE"},"content":{"rendered":"\n<p>In occasione della Giornata internazionale contro la violenza sulle donne<strong> CGIL, CISL,<\/strong> <strong>UIL Monza Brianza,<\/strong> insieme alle sezioni territoriali di <strong>LIBERA, ANPI<\/strong> e <strong>\u00c8 possibile: uomini contro ogni violenza<\/strong>, hanno organizzato l&#8217;iniziativa<\/p>\n\n\n\n<p class=\"has-text-align-center has-vivid-red-color has-text-color\"><strong><span style=\"text-decoration: underline;\">LIBERE DI SCEGLIERE<\/span><\/strong><br><strong>UOMINI CHE DICONO NO ALLA VIOLENZA MASCHILE CONTRO LE DONNE&nbsp;<\/strong><br><strong>UOMINI CHE ESCONO DAL SILENZIO<\/strong><\/p>\n\n\n\n<p class=\"has-vivid-red-color has-text-color\"><strong>SOTTOSCRIVI ANCHE TU L&#8217; APPELLO disponibile sul blog&nbsp; <\/strong><a href=\"https:\/\/usciamodalsilenzio-liberediscegliere.blogspot.com\/2023\/10\/libere-di-scegliere.html\">Libere di scegliere<\/a>&nbsp;<\/p>\n\n\n\n<p>Cuore dell&#8217;iniziativa \u00e8 un <strong>APPELLO rivolto agli uomini per incitarli ad USCIRE DAL SILENZIO<\/strong>, non limitandosi all&#8217;indignazione individuale o alla solidariet\u00e0 privata nei confronti delle vittime, <strong>prendendo posizione pubblicamente e collettivamente nell&#8217;affermazione di un modello di relazioni tra i generi fondato sul rispetto, sulla libert\u00e0 di scelta, sulla parit\u00e0 di diritti, sulla condivisione dei doveri e dei ruoli, sul riconoscimento delle diversit\u00e0.<\/strong><\/p>\n\n\n\n<figure class=\"wp-block-embed is-type-video is-provider-youtube wp-block-embed-youtube wp-embed-aspect-16-9 wp-has-aspect-ratio\"><div class=\"wp-block-embed__wrapper\">\n<iframe loading=\"lazy\" title=\"LIBERE DI SCEGLIERE - Iniziativa CGIL CISL UIL Monza Brianza\" width=\"1140\" height=\"641\" src=\"https:\/\/www.youtube.com\/embed\/U1c97cp9UHg?feature=oembed\" frameborder=\"0\" allow=\"accelerometer; autoplay; clipboard-write; encrypted-media; gyroscope; picture-in-picture; web-share\" allowfullscreen><\/iframe>\n<\/div><\/figure>\n\n\n\n<p class=\"has-text-align-left has-black-color has-text-color\"><strong>L&#8217;EVENTO PUBBLICO<\/strong><br><br>I sottoscrittori dell&#8217;appello hanno organizzato un primo evento pubblico aperto a tutti (e tutte) coloro che condividano la necessit\u00e0 di uscire dal silenzio.&nbsp;<\/p>\n\n\n\n<p class=\"has-text-align-center has-vivid-red-color has-text-color\"><strong>EVENTO PUBBLICO<\/strong><br><strong>Il giorno 18 novembre 2023 alle ore 15:00<\/strong><br><strong>presso la Casa delle Donne di Desio, in via Lampugnani 80.<\/strong><\/p>\n\n\n\n<figure class=\"wp-block-image size-full\"><img loading=\"lazy\" decoding=\"async\" width=\"598\" height=\"797\" src=\"https:\/\/www.monzalecco.lombardia.cisl.it\/wp-content\/uploads\/2023\/11\/Libere-di-scegliere.png\" alt=\"\" class=\"wp-image-14864\" srcset=\"https:\/\/www.monzalecco.lombardia.cisl.it\/wp-content\/uploads\/2023\/11\/Libere-di-scegliere.png 598w, https:\/\/www.monzalecco.lombardia.cisl.it\/wp-content\/uploads\/2023\/11\/Libere-di-scegliere-225x300.png 225w\" sizes=\"auto, (max-width: 598px) 100vw, 598px\" \/><\/figure>\n\n\n\n<div class=\"alignnormal\">[metaslider id=15049 cssclass=&#8221;&#8221;]<\/div>\n","protected":false},"excerpt":{"rendered":"<p>In occasione della Giornata internazionale contro la violenza sulle donne CGIL, CISL, UIL Monza Brianza, insieme alle sezioni territoriali di LIBERA, ANPI e \u00c8 possibile: uomini contro ogni violenza, hanno organizzato l&#8217;iniziativa LIBERE DI SCEGLIEREUOMINI CHE DICONO NO ALLA VIOLENZA MASCHILE CONTRO LE DONNE&nbsp;UOMINI CHE ESCONO DAL SILENZIO SOTTOSCRIVI ANCHE TU L&#8217; APPELLO disponibile sul [&hellip;]<\/p>\n","protected":false},"author":5,"featured_media":14865,"comment_status":"closed","ping_status":"open","sticky":false,"template":"","format":"standard","meta":{"footnotes":""},"categories":[1],"tags":[],"class_list":{"0":"post-14863","1":"post","2":"type-post","3":"status-publish","4":"format-standard","5":"has-post-thumbnail","7":"category-notizie","8":"czr-hentry"},"_links":{"self":[{"href":"https:\/\/www.monzalecco.lombardia.cisl.it\/index.php?rest_route=\/wp\/v2\/posts\/14863","targetHints":{"allow":["GET"]}}],"collection":[{"href":"https:\/\/www.monzalecco.lombardia.cisl.it\/index.php?rest_route=\/wp\/v2\/posts"}],"about":[{"href":"https:\/\/www.monzalecco.lombardia.cisl.it\/index.php?rest_route=\/wp\/v2\/types\/post"}],"author":[{"embeddable":true,"href":"https:\/\/www.monzalecco.lombardia.cisl.it\/index.php?rest_route=\/wp\/v2\/users\/5"}],"replies":[{"embeddable":true,"href":"https:\/\/www.monzalecco.lombardia.cisl.it\/index.php?rest_route=%2Fwp%2Fv2%2Fcomments&post=14863"}],"version-history":[{"count":6,"href":"https:\/\/www.monzalecco.lombardia.cisl.it\/index.php?rest_route=\/wp\/v2\/posts\/14863\/revisions"}],"predecessor-version":[{"id":15072,"href":"https:\/\/www.monzalecco.lombardia.cisl.it\/index.php?rest_route=\/wp\/v2\/posts\/14863\/revisions\/15072"}],"wp:featuredmedia":[{"embeddable":true,"href":"https:\/\/www.monzalecco.lombardia.cisl.it\/index.php?rest_route=\/wp\/v2\/media\/14865"}],"wp:attachment":[{"href":"https:\/\/www.monzalecco.lombardia.cisl.it\/index.php?rest_route=%2Fwp%2Fv2%2Fmedia&parent=14863"}],"wp:term":[{"taxonomy":"category","embeddable":true,"href":"https:\/\/www.monzalecco.lombardia.cisl.it\/index.php?rest_route=%2Fwp%2Fv2%2Fcategories&post=14863"},{"taxonomy":"post_tag","embeddable":true,"href":"https:\/\/www.monzalecco.lombardia.cisl.it\/index.php?rest_route=%2Fwp%2Fv2%2Ftags&post=14863"}],"curies":[{"name":"wp","href":"https:\/\/api.w.org\/{rel}","templated":true}]}}