{"id":15024,"date":"2023-11-24T20:00:00","date_gmt":"2023-11-24T19:00:00","guid":{"rendered":"https:\/\/www.monzalecco.lombardia.cisl.it\/?p=15024"},"modified":"2023-12-06T17:32:23","modified_gmt":"2023-12-06T16:32:23","slug":"crescere-uomini-e-donne-liberi-dal-patriarcato-e-possibile","status":"publish","type":"post","link":"https:\/\/www.monzalecco.lombardia.cisl.it\/?p=15024","title":{"rendered":"Crescere uomini e donne liberi dal patriarcato, \u00e8 possibile?"},"content":{"rendered":"\n<p><\/p>\n\n\n\n<p>Ne abbiamo discusso oggi al Capitol di Monza con la giornalista, scrittrice e formatrice Monica Lanfranco, autrice del libro \u201cMio figlio \u00e8 femminista\u201d nell&#8217;evento organizzato dai Coordinamenti Donne CGIL, CISL, UIL Monza Brianza e delle relative categorie sindacali dei Pensionati.<\/p>\n\n\n\n<p><em>&#8220;\u00c8 necessario cambiare le teste e questo si pu\u00f2 fare solo cambiando le parole e le pratiche educative\u201d<\/em>&nbsp;ha spiegato Lanfranco<em>. \u201cFinche ci sar\u00e0 qualcuno che penser\u00e0 che come donna valgo meno, non sconfiggeremo la violenza. Nella nostra quotidianit\u00e0 ritroviamo narrazioni completamente sbagliate, stereotipi da combattere. Occorre crescere uomini &#8220;disertori&#8221; del patriarcato e donne felici di intraprendere il loro percorso di emancipazione&#8221;.<\/em><\/p>\n\n\n\n<p>Il modello culturale ricevuto in primis in famiglia e poi a scuola e nella societ\u00e0, ci guida, ancora oggi, nella costruzione della nostra identit\u00e0. E se per molti il valore di un maschio \u00e8 legato al dover essere superiore, dominante rispetto alla donna si capisce come molti uomini possano sentirsi minacciati quando la loro partner li fronteggia affermando una sua soggettivit\u00e0, libert\u00e0 di autodeterminarsi socialmente, economicamente e sessualmente. La radice della violenza di questi uomini nasce e si alimenta dagli stereotipi inculcati fin dall\u2019infanzia.<\/p>\n\n\n\n<p>Questa \u00e8 la ragione per cui Monica Lanfranco ci invita a superarli, ad andare oltre, a cambiare la visuale: la vita dei nostri figli, potr\u00e0 essere pi\u00f9 felice, pi\u00f9 appagante, priva di ansie da prestazione, di pressioni a conformarsi a modelli sbagliati. Occorre pertanto crescere i figli maschi in modo diametralmente opposto al modello machista, cos\u00ec che, una volta adulti, vadano nel mondo senza riprodurre lo stereotipo virilista e misogino, alleati delle donne che incontrano nel loro comune percorso di emancipazione e libert\u00e0, liberandosi a loro volta dal patriarcato.<\/p>\n\n\n\n<p>Ciascuno di noi, uomo e donna, ha in s\u00e9 un maschile e un femminile, lo intuiva Jung pi\u00f9 di cento anni fa, e solo educando e sviluppando la libera espressione di entrambe queste componenti si \u00e8 uomini e donne capaci di comprendere l\u2019altro\/a e di costruire relazioni sane, rispettose e durature. Liberi e libere dal patriarcato!<\/p>\n\n\n\n<p><\/p>\n\n\n\n<div class=\"alignnormal\">[metaslider id=15026 cssclass=&#8221;&#8221;]<\/div>\n","protected":false},"excerpt":{"rendered":"<p>Ne abbiamo discusso oggi al Capitol di Monza con la giornalista, scrittrice e formatrice Monica Lanfranco, autrice del libro \u201cMio figlio \u00e8 femminista\u201d nell&#8217;evento organizzato dai Coordinamenti Donne CGIL, CISL, UIL Monza Brianza e delle relative categorie sindacali dei Pensionati. &#8220;\u00c8 necessario cambiare le teste e questo si pu\u00f2 fare solo cambiando le parole e [&hellip;]<\/p>\n","protected":false},"author":5,"featured_media":15034,"comment_status":"closed","ping_status":"open","sticky":false,"template":"","format":"standard","meta":{"footnotes":""},"categories":[1],"tags":[],"class_list":{"0":"post-15024","1":"post","2":"type-post","3":"status-publish","4":"format-standard","5":"has-post-thumbnail","7":"category-notizie","8":"czr-hentry"},"_links":{"self":[{"href":"https:\/\/www.monzalecco.lombardia.cisl.it\/index.php?rest_route=\/wp\/v2\/posts\/15024","targetHints":{"allow":["GET"]}}],"collection":[{"href":"https:\/\/www.monzalecco.lombardia.cisl.it\/index.php?rest_route=\/wp\/v2\/posts"}],"about":[{"href":"https:\/\/www.monzalecco.lombardia.cisl.it\/index.php?rest_route=\/wp\/v2\/types\/post"}],"author":[{"embeddable":true,"href":"https:\/\/www.monzalecco.lombardia.cisl.it\/index.php?rest_route=\/wp\/v2\/users\/5"}],"replies":[{"embeddable":true,"href":"https:\/\/www.monzalecco.lombardia.cisl.it\/index.php?rest_route=%2Fwp%2Fv2%2Fcomments&post=15024"}],"version-history":[{"count":2,"href":"https:\/\/www.monzalecco.lombardia.cisl.it\/index.php?rest_route=\/wp\/v2\/posts\/15024\/revisions"}],"predecessor-version":[{"id":15042,"href":"https:\/\/www.monzalecco.lombardia.cisl.it\/index.php?rest_route=\/wp\/v2\/posts\/15024\/revisions\/15042"}],"wp:featuredmedia":[{"embeddable":true,"href":"https:\/\/www.monzalecco.lombardia.cisl.it\/index.php?rest_route=\/wp\/v2\/media\/15034"}],"wp:attachment":[{"href":"https:\/\/www.monzalecco.lombardia.cisl.it\/index.php?rest_route=%2Fwp%2Fv2%2Fmedia&parent=15024"}],"wp:term":[{"taxonomy":"category","embeddable":true,"href":"https:\/\/www.monzalecco.lombardia.cisl.it\/index.php?rest_route=%2Fwp%2Fv2%2Fcategories&post=15024"},{"taxonomy":"post_tag","embeddable":true,"href":"https:\/\/www.monzalecco.lombardia.cisl.it\/index.php?rest_route=%2Fwp%2Fv2%2Ftags&post=15024"}],"curies":[{"name":"wp","href":"https:\/\/api.w.org\/{rel}","templated":true}]}}