{"id":15460,"date":"2024-02-06T17:01:20","date_gmt":"2024-02-06T16:01:20","guid":{"rendered":"https:\/\/www.monzalecco.lombardia.cisl.it\/?p=15460"},"modified":"2024-02-12T11:42:40","modified_gmt":"2024-02-12T10:42:40","slug":"crisi-e-futuro-delle-professioni-di-cura","status":"publish","type":"post","link":"https:\/\/www.monzalecco.lombardia.cisl.it\/?p=15460","title":{"rendered":"Crisi e futuro delle professioni di cura"},"content":{"rendered":"\n<p>Una ricerca sulla nuova generazione di operatori sociali<\/p>\n\n\n\n<p><strong>Gioved\u00ec 15 febbraio 2024 dalle 15.00 alle 18.00<\/strong><br>Auditorium \u201cCasa dell\u2019Economia\u201d della Camera di Commercio Como<br>Lecco, Via Tonale 28\/30, Lecco (LC)<br><a href=\"https:\/\/www.monzalecco.lombardia.cisl.it\/wp-content\/uploads\/2024\/02\/Programma_Lecco-2.pdf\">(scarica il volantino dell&#8217;evento di Lecco)<\/a><\/p>\n\n\n\n<p class=\"has-black-color has-text-color has-link-color wp-elements-8b6b53f9042c8224a410907e7b0c51cd\"><strong>IL PROGRAMMA<\/strong><\/p>\n\n\n\n<p class=\"has-black-color has-text-color has-link-color wp-elements-ac1a7391224e848080b8f29079f72950\"><strong>SALUTI ISTITUZIONALI E INTRODUZIONE<\/strong><br>Gabriele Marinoni, Presidente di Confcooperative dell\u2019Adda<br>Maria Grazia Nasazzi, Presidente di Fondazione Comunitaria del Lecchese<br>Marco Dell\u2019Acqua, Presidente di Fondazione Pro-Valtellina<\/p>\n\n\n\n<p class=\"has-black-color has-text-color has-link-color wp-elements-c05de945b54be5823cd85209e2adfa95\"><strong>PRESENTAZIONE DELLA RICERCA \u201cLAVORARE IN COOPERATIVA OGGI.<\/strong><br>La voce dei nuovi professionisti della cura e il turn over nelle imprese sociali.\u201d Sara Depedri, ricercatrice senior Euricse, Martina Bonazza, ricercatrice Euricse<\/p>\n\n\n\n<p class=\"has-black-color has-text-color has-link-color wp-elements-8f45c6b0da4cf7238d9690a0040af8ea\">\u201cRigenerare welfare comunitario e spirito cooperativo per rendere pi\u00f9 attrattivo il lavoro di cura.\u201d Simone Cerlini, Direttore della divisione lavoro AfolMet Citt\u00e0 Metropolitana di Milano<\/p>\n\n\n\n<p class=\"has-black-color has-text-color has-link-color wp-elements-8d3a6376c1c42019ca42161be39e0363\"><strong>TAVOLA ROTONDA<\/strong><br>Modera: Stefano Arduini, Direttore di Vita<br>Guido Agostoni, Presidente dell\u2019Assemblea dei Sindaci Distretto di Lecco<br>Antonio Colaianni, Direttore sociosanitario ATS Brianza<br>Walter Algarotti, Responsabile formazione Camera di Commercio Como-Lecco<br>Mirco Scaccabarozzi, Segretario generale CISL Monza Brianza Lecco<br>Virginio Brivio, Presidente UNEBA<br>Lorenzo Guerra, Presidente Consorzio Consolida<\/p>\n\n\n\n<p class=\"has-black-color has-text-color has-link-color wp-elements-e6de3699f61dd58abd33d35ae349214a\"><strong>CHIUSURA LAVORI E PROSPETTIVE<\/strong><br>A cura di Gabriele Marinoni<\/p>\n\n\n\n<p><\/p>\n\n\n\n<p><strong>DUE CONVEGNI A LECCO E A SONDRIO PER PRESENTARE UNA RICERCA SU 1.200 GIOVANI LAVORATORI\u00a0IMPEGNATI NEL SETTORE SOCIALE E SANITARIO<\/strong><\/p>\n\n\n\n<p>La crisi di reperimento di lavoratori tocca la gran parte dei settori economici a livello locale e nazionale e anche l\u2019ambito delle professioni della cura non \u00e8 esente da questa problematica: la&nbsp;<strong>fatica nel reperire assistenti sociali, educatori professionali, ASA e OSS, infermieri&nbsp;<\/strong>sta mettendo a dura prova il settore della cooperazione sociale cos\u00ec come tutti gli enti pubblici e privati impegnati nel promuovere e gestire servizi di welfare. \u00c8 un grido di allarme generalizzato quello che si leva dal settore della cura, allarme da tenere in forte attenzione perch\u00e9&nbsp;<strong>la carenza di personale mette di fatto a rischio la tenuta complessiva del sistema dei servizi<\/strong>&nbsp;<strong>ai cittadini pi\u00f9 fragili delle nostre comunit\u00e0 locali.&nbsp;<\/strong><\/p>\n\n\n\n<p><strong>La necessit\u00e0 di monitorare con puntualit\u00e0 e scientificit\u00e0 questi processi e questa evoluzione dei lavori di cura ha portato ad affidare ad&nbsp;<\/strong><a href=\"https:\/\/euricse.eu\/it\/\" target=\"_blank\" rel=\"noreferrer noopener\"><strong>Euricse,<\/strong>&nbsp;(European Research Institute on Cooperatives and Social Enterprises)<\/a>&nbsp;specializzato nello studio dell&#8217;economia sociale,&nbsp;<strong>una ricerca volta ad investigare le caratteristiche, i valori e le prospettive dei giovani lavoratori delle cooperative sociali<\/strong>.<\/p>\n\n\n\n<p>Realizzato nel 2023,&nbsp;<strong>lo studio \u00e8 stato promosso&nbsp;<\/strong>da due consorzi territoriali,&nbsp;<strong>Consolida di Lecco e&nbsp;<a href=\"https:\/\/www.solcosondrio.it\/\" target=\"_blank\" rel=\"noreferrer noopener\">Sol.Co Sondrio<\/a>, in collaborazione con&nbsp;<a href=\"https:\/\/www.adda.confcooperative.it\/\" target=\"_blank\" rel=\"noreferrer noopener\">Confcooperative dell\u2019Adda<\/a><\/strong>&nbsp;e ha coinvolto&nbsp;<strong>24 cooperative sociali<\/strong>&nbsp;loro associate e un campione di&nbsp;<strong>1200 dipendenti<\/strong>. Fondamentale \u00e8 stato il&nbsp;<strong>sostegno fornito dalla&nbsp;<a href=\"https:\/\/www.fondazionelecco.org\/\" target=\"_blank\" rel=\"noreferrer noopener\">Fondazione Comunitaria del Lecchese<\/a>&nbsp;e dalla&nbsp;<a href=\"https:\/\/www.provaltellina.org\/\" target=\"_blank\" rel=\"noreferrer noopener\">Fondazione Pro Valtellina<\/a><\/strong>.<\/p>\n\n\n\n<p>I\u00a0<strong>risultati\u00a0<\/strong>saranno presentati attraverso\u00a0<strong>due convegni, uno per territorio, gioved\u00ec 15 febbraio, dalle 15 alle 18 a Lecco\u00a0<\/strong>presso l&#8217;Auditorium\u00a0\u201cCasa dell\u2019Economia\u201d Camera di Commercio Como \u2013 Lecco e<strong>\u00a0venerd\u00ec 16 febbraio dalle 10 alle 13 a Sondrio\u00a0<\/strong>presso la Sala Martinelli della Camera di Commercio di Sondrio.<\/p>\n\n\n\n<figure class=\"wp-block-image size-large\"><img loading=\"lazy\" decoding=\"async\" width=\"1024\" height=\"1024\" src=\"https:\/\/www.monzalecco.lombardia.cisl.it\/wp-content\/uploads\/2024\/02\/SaveTheDate_eventi-Professioni-di-cura-1024x1024.jpg\" alt=\"\" class=\"wp-image-15461\" srcset=\"https:\/\/www.monzalecco.lombardia.cisl.it\/wp-content\/uploads\/2024\/02\/SaveTheDate_eventi-Professioni-di-cura-1024x1024.jpg 1024w, https:\/\/www.monzalecco.lombardia.cisl.it\/wp-content\/uploads\/2024\/02\/SaveTheDate_eventi-Professioni-di-cura-300x300.jpg 300w, https:\/\/www.monzalecco.lombardia.cisl.it\/wp-content\/uploads\/2024\/02\/SaveTheDate_eventi-Professioni-di-cura-150x150.jpg 150w, https:\/\/www.monzalecco.lombardia.cisl.it\/wp-content\/uploads\/2024\/02\/SaveTheDate_eventi-Professioni-di-cura-768x768.jpg 768w, https:\/\/www.monzalecco.lombardia.cisl.it\/wp-content\/uploads\/2024\/02\/SaveTheDate_eventi-Professioni-di-cura-1536x1536.jpg 1536w, https:\/\/www.monzalecco.lombardia.cisl.it\/wp-content\/uploads\/2024\/02\/SaveTheDate_eventi-Professioni-di-cura-2048x2048.jpg 2048w, https:\/\/www.monzalecco.lombardia.cisl.it\/wp-content\/uploads\/2024\/02\/SaveTheDate_eventi-Professioni-di-cura-510x510.jpg 510w\" sizes=\"auto, (max-width: 1024px) 100vw, 1024px\" \/><\/figure>\n","protected":false},"excerpt":{"rendered":"<p>Una ricerca sulla nuova generazione di operatori sociali Gioved\u00ec 15 febbraio 2024 dalle 15.00 alle 18.00Auditorium \u201cCasa dell\u2019Economia\u201d della Camera di Commercio ComoLecco, Via Tonale 28\/30, Lecco (LC)(scarica il volantino dell&#8217;evento di Lecco) IL PROGRAMMA SALUTI ISTITUZIONALI E INTRODUZIONEGabriele Marinoni, Presidente di Confcooperative dell\u2019AddaMaria Grazia Nasazzi, Presidente di Fondazione Comunitaria del LeccheseMarco Dell\u2019Acqua, Presidente di [&hellip;]<\/p>\n","protected":false},"author":5,"featured_media":15461,"comment_status":"closed","ping_status":"open","sticky":false,"template":"","format":"standard","meta":{"footnotes":""},"categories":[1],"tags":[],"class_list":{"0":"post-15460","1":"post","2":"type-post","3":"status-publish","4":"format-standard","5":"has-post-thumbnail","7":"category-notizie","8":"czr-hentry"},"_links":{"self":[{"href":"https:\/\/www.monzalecco.lombardia.cisl.it\/index.php?rest_route=\/wp\/v2\/posts\/15460","targetHints":{"allow":["GET"]}}],"collection":[{"href":"https:\/\/www.monzalecco.lombardia.cisl.it\/index.php?rest_route=\/wp\/v2\/posts"}],"about":[{"href":"https:\/\/www.monzalecco.lombardia.cisl.it\/index.php?rest_route=\/wp\/v2\/types\/post"}],"author":[{"embeddable":true,"href":"https:\/\/www.monzalecco.lombardia.cisl.it\/index.php?rest_route=\/wp\/v2\/users\/5"}],"replies":[{"embeddable":true,"href":"https:\/\/www.monzalecco.lombardia.cisl.it\/index.php?rest_route=%2Fwp%2Fv2%2Fcomments&post=15460"}],"version-history":[{"count":3,"href":"https:\/\/www.monzalecco.lombardia.cisl.it\/index.php?rest_route=\/wp\/v2\/posts\/15460\/revisions"}],"predecessor-version":[{"id":15482,"href":"https:\/\/www.monzalecco.lombardia.cisl.it\/index.php?rest_route=\/wp\/v2\/posts\/15460\/revisions\/15482"}],"wp:featuredmedia":[{"embeddable":true,"href":"https:\/\/www.monzalecco.lombardia.cisl.it\/index.php?rest_route=\/wp\/v2\/media\/15461"}],"wp:attachment":[{"href":"https:\/\/www.monzalecco.lombardia.cisl.it\/index.php?rest_route=%2Fwp%2Fv2%2Fmedia&parent=15460"}],"wp:term":[{"taxonomy":"category","embeddable":true,"href":"https:\/\/www.monzalecco.lombardia.cisl.it\/index.php?rest_route=%2Fwp%2Fv2%2Fcategories&post=15460"},{"taxonomy":"post_tag","embeddable":true,"href":"https:\/\/www.monzalecco.lombardia.cisl.it\/index.php?rest_route=%2Fwp%2Fv2%2Ftags&post=15460"}],"curies":[{"name":"wp","href":"https:\/\/api.w.org\/{rel}","templated":true}]}}