{"id":15467,"date":"2024-02-07T15:53:34","date_gmt":"2024-02-07T14:53:34","guid":{"rendered":"https:\/\/www.monzalecco.lombardia.cisl.it\/?p=15467"},"modified":"2024-02-08T11:45:18","modified_gmt":"2024-02-08T10:45:18","slug":"rinnovo-del-ccnl-abi","status":"publish","type":"post","link":"https:\/\/www.monzalecco.lombardia.cisl.it\/?p=15467","title":{"rendered":"Rinnovo del CCNL ABI"},"content":{"rendered":"\n<p><strong>Proseguono le assemblee per l\u2019approvazione dell\u2019ipotesi di accordo del 23 novembre 2023.&nbsp;<\/strong><\/p>\n\n\n\n<p>Il 6 febbraio a Lecco, si \u00e8 tenuta un\u2019assemblea sindacale unitaria, che ha coinvolto tutto il personale della citt\u00e0 e dei comuni limitrofi, per la presentazione e votazione dei contenuti dell\u2019ipotesi di accordo di rinnovo del CCNL del settore bancario che occupa oltre 260.000 persone.&nbsp;<\/p>\n\n\n\n<p>Hanno partecipato i segretari generali Tiziana La Scala (First Cisl), e Angelo Boehm (Fisac Cgil) la segretaria regionale Manuela Frigerio (Uilca), il segretario Luca Codurelli (Fabi) e il coordinatore di Lecco Giuseppe Ricciardi (Unisin).&nbsp;<\/p>\n\n\n\n<p><em>&#8220;Un rinnovo caratterizzato da un importante incremento economico che garantisce il pieno recupero del potere di acquisto dei salari, una parziale redistribuzione degli utili del settore, la riduzione dell\u2019orario settimanale di lavoro, il rafforzamento dei presidi volti a favorire una nuova cultura orientata al benessere lavorativo e l\u2019introduzione della possibilit\u00e0 di attivare forme di partecipazione dei lavoratori all\u2019interno delle aziende&#8221; <\/em>ha dichiarato Tiziana La Scala, Segretaria FIRST CISL Monza Brianza Lecco.&nbsp;<em>&#8220;L\u2019obiettivo della crescita dei salari \u00e8 stato integralmente raggiunto, con 435\u20ac di aumento per la figura media (3A4L), a regime (marzo 2026), grazie alla tenacia delle organizzazioni sindacali, all\u2019andamento positivo del settore favorito dal regime di tassi alti, e alla convergenza finale dei banchieri che, all\u2019inizio del confronto, erano divisi su strategie ed obiettivi del negoziato&#8221;.&nbsp;<\/em><\/p>\n\n\n\n<p>Diversi gli interventi riferibili all\u2019organizzazione del lavoro e al benessere organizzativo, dalla riduzione dell\u2019orario settimanale di lavoro (30 minuti) a parit\u00e0 di salario, al rafforzamento dei diritti sociali (malattia, maternit\u00e0 e paternit\u00e0, occupazione, contrasto delle molestie e violenze di genere nei luoghi di lavoro), alla possibilit\u00e0 di attivare forme di partecipazione dei lavoratori in azienda (finanziaria, gestionale, organizzativa e consultiva), al fine di favorire il benessere, aumentare la competitivit\u00e0 e produttivit\u00e0 del lavoro.&nbsp;<\/p>\n\n\n\n<p>Importantissime conquiste che per\u00f2 non esauriscono il compito e l&#8217;azione sindacale <em>&#8220;Le sfide che ci attendono saranno molte, in particolare per i grandi cambiamenti che la digitalizzazione sta portando nel settore&#8221; <\/em>spiega ancora la Segretaria Generale della FIRST CISL territoriale.<em> &#8220;In questo ci sar\u00e0 di sicuro aiuto il rafforzamento della Cabina di regia nazionale che cercher\u00e0 di garantire il presidio e il governo di questi cambiamenti e i relativi impatti su lavoratrici e lavoratori e sul modo di fare banca: attraverso le modalit\u00e0 negoziali che le rappresentanze sindacali sapranno esercitare all\u2019interno della Cabina di regia, il contratto mette sempre pi\u00f9 al centro la persona e le tutele necessarie in un mondo che sta cambiando sotto i nostri occhi.&nbsp;Da tempo denunciamo il progressivo abbandono dei territori periferici, la drastica riduzione dei livelli occupazionali e l\u2019eccessiva concentrazione del settore, se rapportata ad altri Paesi europei&#8221;.&nbsp;<\/em><\/p>\n\n\n\n<p><em>&#8220;Un ottimo rinnovo contrattuale, con la consapevolezza che le sfide che ci attendono sono ancora numerose&#8221;<\/em> ha concluso La Scala.\u00a0<\/p>\n\n\n\n<p>Le assemblee proseguono su tutto il territorio di Lecco e Monza Brianza. I prossimi appuntamenti saranno il 13\/02 a Monza e il 19\/02 a Merate e Seregno.<\/p>\n\n\n\n<figure class=\"wp-block-image size-large\"><img loading=\"lazy\" decoding=\"async\" width=\"1024\" height=\"662\" src=\"https:\/\/www.monzalecco.lombardia.cisl.it\/wp-content\/uploads\/2024\/02\/IMG-20240207-WA0004-1024x662.jpg\" alt=\"\" class=\"wp-image-15472\" srcset=\"https:\/\/www.monzalecco.lombardia.cisl.it\/wp-content\/uploads\/2024\/02\/IMG-20240207-WA0004-1024x662.jpg 1024w, https:\/\/www.monzalecco.lombardia.cisl.it\/wp-content\/uploads\/2024\/02\/IMG-20240207-WA0004-300x194.jpg 300w, https:\/\/www.monzalecco.lombardia.cisl.it\/wp-content\/uploads\/2024\/02\/IMG-20240207-WA0004-768x496.jpg 768w, https:\/\/www.monzalecco.lombardia.cisl.it\/wp-content\/uploads\/2024\/02\/IMG-20240207-WA0004-1536x993.jpg 1536w, https:\/\/www.monzalecco.lombardia.cisl.it\/wp-content\/uploads\/2024\/02\/IMG-20240207-WA0004.jpg 1592w\" sizes=\"auto, (max-width: 1024px) 100vw, 1024px\" \/><\/figure>\n\n\n\n<figure class=\"wp-block-image size-large\"><img loading=\"lazy\" decoding=\"async\" width=\"1024\" height=\"768\" src=\"https:\/\/www.monzalecco.lombardia.cisl.it\/wp-content\/uploads\/2024\/02\/IMG-20240207-WA0005-1024x768.jpg\" alt=\"\" class=\"wp-image-15471\" srcset=\"https:\/\/www.monzalecco.lombardia.cisl.it\/wp-content\/uploads\/2024\/02\/IMG-20240207-WA0005-1024x768.jpg 1024w, https:\/\/www.monzalecco.lombardia.cisl.it\/wp-content\/uploads\/2024\/02\/IMG-20240207-WA0005-300x225.jpg 300w, https:\/\/www.monzalecco.lombardia.cisl.it\/wp-content\/uploads\/2024\/02\/IMG-20240207-WA0005-768x576.jpg 768w, https:\/\/www.monzalecco.lombardia.cisl.it\/wp-content\/uploads\/2024\/02\/IMG-20240207-WA0005-1536x1152.jpg 1536w, https:\/\/www.monzalecco.lombardia.cisl.it\/wp-content\/uploads\/2024\/02\/IMG-20240207-WA0005.jpg 1600w\" sizes=\"auto, (max-width: 1024px) 100vw, 1024px\" \/><\/figure>\n","protected":false},"excerpt":{"rendered":"<p>Proseguono le assemblee per l\u2019approvazione dell\u2019ipotesi di accordo del 23 novembre 2023.&nbsp; Il 6 febbraio a Lecco, si \u00e8 tenuta un\u2019assemblea sindacale unitaria, che ha coinvolto tutto il personale della citt\u00e0 e dei comuni limitrofi, per la presentazione e votazione dei contenuti dell\u2019ipotesi di accordo di rinnovo del CCNL del settore bancario che occupa oltre [&hellip;]<\/p>\n","protected":false},"author":5,"featured_media":15472,"comment_status":"closed","ping_status":"open","sticky":false,"template":"","format":"standard","meta":{"footnotes":""},"categories":[1],"tags":[],"class_list":{"0":"post-15467","1":"post","2":"type-post","3":"status-publish","4":"format-standard","5":"has-post-thumbnail","7":"category-notizie","8":"czr-hentry"},"_links":{"self":[{"href":"https:\/\/www.monzalecco.lombardia.cisl.it\/index.php?rest_route=\/wp\/v2\/posts\/15467","targetHints":{"allow":["GET"]}}],"collection":[{"href":"https:\/\/www.monzalecco.lombardia.cisl.it\/index.php?rest_route=\/wp\/v2\/posts"}],"about":[{"href":"https:\/\/www.monzalecco.lombardia.cisl.it\/index.php?rest_route=\/wp\/v2\/types\/post"}],"author":[{"embeddable":true,"href":"https:\/\/www.monzalecco.lombardia.cisl.it\/index.php?rest_route=\/wp\/v2\/users\/5"}],"replies":[{"embeddable":true,"href":"https:\/\/www.monzalecco.lombardia.cisl.it\/index.php?rest_route=%2Fwp%2Fv2%2Fcomments&post=15467"}],"version-history":[{"count":4,"href":"https:\/\/www.monzalecco.lombardia.cisl.it\/index.php?rest_route=\/wp\/v2\/posts\/15467\/revisions"}],"predecessor-version":[{"id":15475,"href":"https:\/\/www.monzalecco.lombardia.cisl.it\/index.php?rest_route=\/wp\/v2\/posts\/15467\/revisions\/15475"}],"wp:featuredmedia":[{"embeddable":true,"href":"https:\/\/www.monzalecco.lombardia.cisl.it\/index.php?rest_route=\/wp\/v2\/media\/15472"}],"wp:attachment":[{"href":"https:\/\/www.monzalecco.lombardia.cisl.it\/index.php?rest_route=%2Fwp%2Fv2%2Fmedia&parent=15467"}],"wp:term":[{"taxonomy":"category","embeddable":true,"href":"https:\/\/www.monzalecco.lombardia.cisl.it\/index.php?rest_route=%2Fwp%2Fv2%2Fcategories&post=15467"},{"taxonomy":"post_tag","embeddable":true,"href":"https:\/\/www.monzalecco.lombardia.cisl.it\/index.php?rest_route=%2Fwp%2Fv2%2Ftags&post=15467"}],"curies":[{"name":"wp","href":"https:\/\/api.w.org\/{rel}","templated":true}]}}