{"id":15521,"date":"2024-02-22T11:18:29","date_gmt":"2024-02-22T10:18:29","guid":{"rendered":"https:\/\/www.monzalecco.lombardia.cisl.it\/?p=15521"},"modified":"2024-02-22T11:20:18","modified_gmt":"2024-02-22T10:20:18","slug":"sicurezza-sul-lavoro","status":"publish","type":"post","link":"https:\/\/www.monzalecco.lombardia.cisl.it\/?p=15521","title":{"rendered":"SICUREZZA SUL LAVORO"},"content":{"rendered":"\n<p><strong>Mobilitazione nazionale Cisl<\/strong> <a href=\"https:\/\/www.monzalecco.lombardia.cisl.it\/wp-content\/uploads\/2024\/02\/Volantone-salute-e-sicurezza.pdf\" target=\"_blank\" rel=\"noreferrer noopener\">(scarica il volantone)<\/a><\/p>\n\n\n\n<p>Mobilitazione nazionale della Cisl contro le morti e gli infortuni sul lavoro, con assemblee nelle fabbriche, nei cantieri, negli uffici e nei luoghi della produzione e iniziative sui territori, da Nord a Sud. Ad annunciarla \u00e8 il segretario generale della Confederazione di Via Po, Luigi Sbarra.&nbsp;<\/p>\n\n\n\n<p>\u201cLa Cisl &#8211; afferma il leader sindacale &#8211; avvier\u00e0 nei prossimi giorni un\u2019ampia mobilitazione su tutto il territorio nazionale per alzare l\u2019attenzione su un tema da cui dipende il destino morale ed economico del Paese. La tragedia di Firenze \u00e8 l\u2019ennesimo evento di una strage che deve finire e che sfregia i pi\u00f9 elementari diritti costituzionali. Bisogna fermare la scia di sangue e bisogna farlo ora, ponendo in cima alle priorit\u00e0 la salvaguardia della vita e della salute persone che lavorano\u201d.&nbsp;<\/p>\n\n\n\n<p>\u201cIl Governo \u2013 sottolinea ancora Sbarra &#8211; riallacci subito il confronto con il sindacato per costruire insieme alle Associazioni Datoriali una strategia nazionale all\u2019altezza della sfida che abbiamo davanti. Significa pi\u00f9 controlli, pi\u00f9 ispezioni e pi\u00f9 ispettori sul territorio, pi\u00f9 risorse e interventi concreti, banche dati incrociate, rating sociale per le imprese, con una patente a punti che premi le realt\u00e0 virtuose. E poi un grande investimento sulla prevenzione, formazione e una stretta su sanzioni e repressione\u201d. \u201cDobbiamo promuovere la cultura della sicurezza, introducendo la materia gi\u00e0 nelle scuole dell\u2019obbligo e garantire strumenti di partecipazione pi\u00f9 forti, che diano alle rappresentanze dei lavoratori potere e protagonismo nelle scelte delle aziende, in modo da monitorare il rispetto delle norme. Senza sicurezza non c\u2019\u00e8 dignit\u00e0 del lavoro n\u00e9 possibilit\u00e0 di&nbsp;ripresa.<\/p>\n\n\n\n<figure class=\"wp-block-image size-large\"><img loading=\"lazy\" decoding=\"async\" width=\"724\" height=\"1024\" src=\"https:\/\/www.monzalecco.lombardia.cisl.it\/wp-content\/uploads\/2024\/02\/Volantone-salute-e-sicurezza_Pagina_2-724x1024.jpg\" alt=\"\" class=\"wp-image-15525\" srcset=\"https:\/\/www.monzalecco.lombardia.cisl.it\/wp-content\/uploads\/2024\/02\/Volantone-salute-e-sicurezza_Pagina_2-724x1024.jpg 724w, https:\/\/www.monzalecco.lombardia.cisl.it\/wp-content\/uploads\/2024\/02\/Volantone-salute-e-sicurezza_Pagina_2-212x300.jpg 212w, https:\/\/www.monzalecco.lombardia.cisl.it\/wp-content\/uploads\/2024\/02\/Volantone-salute-e-sicurezza_Pagina_2-768x1086.jpg 768w, https:\/\/www.monzalecco.lombardia.cisl.it\/wp-content\/uploads\/2024\/02\/Volantone-salute-e-sicurezza_Pagina_2-1086x1536.jpg 1086w, https:\/\/www.monzalecco.lombardia.cisl.it\/wp-content\/uploads\/2024\/02\/Volantone-salute-e-sicurezza_Pagina_2-1448x2048.jpg 1448w, https:\/\/www.monzalecco.lombardia.cisl.it\/wp-content\/uploads\/2024\/02\/Volantone-salute-e-sicurezza_Pagina_2.jpg 1654w\" sizes=\"auto, (max-width: 724px) 100vw, 724px\" \/><\/figure>\n","protected":false},"excerpt":{"rendered":"<p>Mobilitazione nazionale Cisl (scarica il volantone) Mobilitazione nazionale della Cisl contro le morti e gli infortuni sul lavoro, con assemblee nelle fabbriche, nei cantieri, negli uffici e nei luoghi della produzione e iniziative sui territori, da Nord a Sud. Ad annunciarla \u00e8 il segretario generale della Confederazione di Via Po, Luigi Sbarra.&nbsp; \u201cLa Cisl &#8211; [&hellip;]<\/p>\n","protected":false},"author":5,"featured_media":15524,"comment_status":"closed","ping_status":"open","sticky":false,"template":"","format":"standard","meta":{"footnotes":""},"categories":[1],"tags":[],"class_list":{"0":"post-15521","1":"post","2":"type-post","3":"status-publish","4":"format-standard","5":"has-post-thumbnail","7":"category-notizie","8":"czr-hentry"},"_links":{"self":[{"href":"https:\/\/www.monzalecco.lombardia.cisl.it\/index.php?rest_route=\/wp\/v2\/posts\/15521","targetHints":{"allow":["GET"]}}],"collection":[{"href":"https:\/\/www.monzalecco.lombardia.cisl.it\/index.php?rest_route=\/wp\/v2\/posts"}],"about":[{"href":"https:\/\/www.monzalecco.lombardia.cisl.it\/index.php?rest_route=\/wp\/v2\/types\/post"}],"author":[{"embeddable":true,"href":"https:\/\/www.monzalecco.lombardia.cisl.it\/index.php?rest_route=\/wp\/v2\/users\/5"}],"replies":[{"embeddable":true,"href":"https:\/\/www.monzalecco.lombardia.cisl.it\/index.php?rest_route=%2Fwp%2Fv2%2Fcomments&post=15521"}],"version-history":[{"count":3,"href":"https:\/\/www.monzalecco.lombardia.cisl.it\/index.php?rest_route=\/wp\/v2\/posts\/15521\/revisions"}],"predecessor-version":[{"id":15529,"href":"https:\/\/www.monzalecco.lombardia.cisl.it\/index.php?rest_route=\/wp\/v2\/posts\/15521\/revisions\/15529"}],"wp:featuredmedia":[{"embeddable":true,"href":"https:\/\/www.monzalecco.lombardia.cisl.it\/index.php?rest_route=\/wp\/v2\/media\/15524"}],"wp:attachment":[{"href":"https:\/\/www.monzalecco.lombardia.cisl.it\/index.php?rest_route=%2Fwp%2Fv2%2Fmedia&parent=15521"}],"wp:term":[{"taxonomy":"category","embeddable":true,"href":"https:\/\/www.monzalecco.lombardia.cisl.it\/index.php?rest_route=%2Fwp%2Fv2%2Fcategories&post=15521"},{"taxonomy":"post_tag","embeddable":true,"href":"https:\/\/www.monzalecco.lombardia.cisl.it\/index.php?rest_route=%2Fwp%2Fv2%2Ftags&post=15521"}],"curies":[{"name":"wp","href":"https:\/\/api.w.org\/{rel}","templated":true}]}}