{"id":16902,"date":"2024-11-05T15:56:53","date_gmt":"2024-11-05T14:56:53","guid":{"rendered":"https:\/\/www.monzalecco.lombardia.cisl.it\/?p=16902"},"modified":"2024-11-05T17:12:46","modified_gmt":"2024-11-05T16:12:46","slug":"27-esuberi-avicel-limbiate","status":"publish","type":"post","link":"https:\/\/www.monzalecco.lombardia.cisl.it\/?p=16902","title":{"rendered":"27 esuberi Avicel Limbiate"},"content":{"rendered":"\n<p>Sciopero con presidio questa mattina davanti ai cancelli della AVIOCEL di Limbiate dopo l&#8217;annuncio da parte dell&#8217;azienda di 27 esuberi.<\/p>\n\n\n\n<p>FIM CISL e UILM UIL chiedono alla Direzione Aziendale di fare una profonda riflessione aprendo una vera discussione nel merito attua a ridurre l\u2019impatto sociale e aumentando sensibilmente la misura di incentivazione. L\u2019azienda ha una responsabilit\u00e0 sociale a cui non pu\u00f2 venir meno, una realt\u00e0 aziendale dove l\u2019organico \u00e8 prevalentemente femminile &#8211; in un mondo del lavoro in cui ancora oggi si deve lavorare ancora molto sul gender pay gap e le opportunit\u00e0 di occupazione &#8211; e con un\u2019et\u00e0 media anagrafica che nel mercato del lavoroodierno non aiuta la rioccupabilit\u00e0.<\/p>\n\n\n\n<p>Una situazione di difficolt\u00e0 inaspettata, emersa solo dopo l&#8217;estate, sui cui l&#8217;azienda ha sempre mantenuto  riserbo fino a rassicurare le lavoratrici e i lavoratori che, durante i periodi di fruizione della CIGO, esprimevano forti preoccupazioni portate anche dalla RSU a tavoli di incontro con l\u2019azienda.<\/p>\n\n\n\n<p>La discussione \u00e8 iniziata subito in salita trovando difficolt\u00e0 nel reperire al tavolo le informazioni per valutare consapevolmente la condizione aziendale e le prospettive e per discutere adeguati strumenti che portassero alla salvaguardia dei posti di lavoro, alla riduzione dell\u2019impatto sociale e alla continuit\u00e0 aziendale. Nonostante le difficolt\u00e0 si era raggiunto un accordo sindacale che portava ad un estensione del periodo di CIGS inizialmente richiesto dall\u2019azienda e iniziava a tracciare un percorso di negoziazione per ridurre il pi\u00f9 possibile l\u2019impatto sociale a fronte di una possibile procedura di licenziamento collettivo che l\u2019azienda in quel momento annunciava poter coinvolgere fino a 30 unit\u00e0 complessive.<\/p>\n\n\n\n<p>Nel corso delle settimane successive l\u2019azienda ha unilateralmente proceduto a rassicurare alcuni\/e dipendenti in merito al proprio futuro occupazionale, cercando di creare una spaccatura tra le lavoratrici e i lavoratori, condizionando di fatto l\u2019intera discussione e \u201cdrogando\u201d il clima aziendale. Una scorrettezza intollerabile nei confronti della RSU, delle OO.SS. e di tutte le lavoratrici e i lavoratori.<\/p>\n\n\n\n<p>Nel corso dell\u2019ultimo incontro di mercoled\u00ec 30 Ottobre, la Direzione Aziendale si era poi presentata con una proposta di incentivo all&#8217;esodo inaccettabile, offensiva nei confronti delle lavoratrici e dei lavoratori e totalmente fuori dai binari del percorso definito dall\u2019accordo.<\/p>\n\n\n\n<div class=\"alignnormal\">[metaslider id=&#8221;16912&#8243;]<\/div>\n","protected":false},"excerpt":{"rendered":"<p>Sciopero con presidio questa mattina davanti ai cancelli della AVIOCEL di Limbiate dopo l&#8217;annuncio da parte dell&#8217;azienda di 27 esuberi. FIM CISL e UILM UIL chiedono alla Direzione Aziendale di fare una profonda riflessione aprendo una vera discussione nel merito attua a ridurre l\u2019impatto sociale e aumentando sensibilmente la misura di incentivazione. L\u2019azienda ha una [&hellip;]<\/p>\n","protected":false},"author":5,"featured_media":16903,"comment_status":"closed","ping_status":"open","sticky":false,"template":"","format":"standard","meta":{"footnotes":""},"categories":[1],"tags":[],"class_list":{"0":"post-16902","1":"post","2":"type-post","3":"status-publish","4":"format-standard","5":"has-post-thumbnail","7":"category-notizie","8":"czr-hentry"},"_links":{"self":[{"href":"https:\/\/www.monzalecco.lombardia.cisl.it\/index.php?rest_route=\/wp\/v2\/posts\/16902","targetHints":{"allow":["GET"]}}],"collection":[{"href":"https:\/\/www.monzalecco.lombardia.cisl.it\/index.php?rest_route=\/wp\/v2\/posts"}],"about":[{"href":"https:\/\/www.monzalecco.lombardia.cisl.it\/index.php?rest_route=\/wp\/v2\/types\/post"}],"author":[{"embeddable":true,"href":"https:\/\/www.monzalecco.lombardia.cisl.it\/index.php?rest_route=\/wp\/v2\/users\/5"}],"replies":[{"embeddable":true,"href":"https:\/\/www.monzalecco.lombardia.cisl.it\/index.php?rest_route=%2Fwp%2Fv2%2Fcomments&post=16902"}],"version-history":[{"count":3,"href":"https:\/\/www.monzalecco.lombardia.cisl.it\/index.php?rest_route=\/wp\/v2\/posts\/16902\/revisions"}],"predecessor-version":[{"id":16927,"href":"https:\/\/www.monzalecco.lombardia.cisl.it\/index.php?rest_route=\/wp\/v2\/posts\/16902\/revisions\/16927"}],"wp:featuredmedia":[{"embeddable":true,"href":"https:\/\/www.monzalecco.lombardia.cisl.it\/index.php?rest_route=\/wp\/v2\/media\/16903"}],"wp:attachment":[{"href":"https:\/\/www.monzalecco.lombardia.cisl.it\/index.php?rest_route=%2Fwp%2Fv2%2Fmedia&parent=16902"}],"wp:term":[{"taxonomy":"category","embeddable":true,"href":"https:\/\/www.monzalecco.lombardia.cisl.it\/index.php?rest_route=%2Fwp%2Fv2%2Fcategories&post=16902"},{"taxonomy":"post_tag","embeddable":true,"href":"https:\/\/www.monzalecco.lombardia.cisl.it\/index.php?rest_route=%2Fwp%2Fv2%2Ftags&post=16902"}],"curies":[{"name":"wp","href":"https:\/\/api.w.org\/{rel}","templated":true}]}}