{"id":16924,"date":"2024-11-05T17:11:10","date_gmt":"2024-11-05T16:11:10","guid":{"rendered":"https:\/\/www.monzalecco.lombardia.cisl.it\/?p=16924"},"modified":"2024-11-05T17:11:14","modified_gmt":"2024-11-05T16:11:14","slug":"officine-metallurgiche-ventura-licenziato-un-delegato-sindacale-fiom-cgil-e-fim-cisl-insorgono","status":"publish","type":"post","link":"https:\/\/www.monzalecco.lombardia.cisl.it\/?p=16924","title":{"rendered":"Officine Metallurgiche Ventura: licenziato un delegato sindacale, FIOM CGIL E FIM CISL insorgono\u00a0"},"content":{"rendered":"\n<p>Nella giornata di ieri l&#8217;azienda O.M.V. Officine Metallurgiche Ventura Spa di Lesmo ha comunicato il licenziamento \u201cper motivo oggettivo ai sensi e per gli effetti dell\u2019art. 7\u201d di Massimo Carcano, dipendente storico dell\u2019Azienda dal 1990 e attuale Responsabile Logistica, giustificando la scelta con una presunta riduzione delle attivit\u00e0 aziendali e sostenendo l\u2019impossibilit\u00e0 di ricollocare il lavoratore in altre mansioni.\u00a0<\/p>\n\n\n\n<p>Carcano \u00e8 un delegato della FIOM CGIL Monza Brianza e un rappresentante sindacale molto stimato, il cui contributo ha accompagnato la crescita dell\u2019Azienda negli ultimi decenni.&nbsp;<\/p>\n\n\n\n<p>Il licenziamento arriva in un contesto di tensione e di scarsa trasparenza nelle relazioni sindacali, da quando il gruppo Eusider ha acquisito Ventura. Negli ultimi mesi, infatti, le relazioni tra il management del gruppo Eusider e le organizzazioni sindacali si sono deteriorate sensibilmente quando, per esempio, l\u2019Azienda ha trasferito arbitrariamente i dipendenti, trascurando le comunicazioni sindacali e imponendo cambiamenti in maniera unilaterale.&nbsp;<\/p>\n\n\n\n<p>Il licenziamento del delegato Massimo Carcano, avvenuto tramite una semplice comunicazione, rappresenta un attacco inaccettabile al ruolo dei rappresentanti sindacali. Ci si domanda se l\u2019impegno sindacale di Carcano sia il vero motivo di questa scelta aziendale e non la riorganizzazione. Sarebbe un fatto gravissimo! FIOM CGIL e FIM CISL territoriali denunciano con fermezza questo atto e dichiarano che non resteranno indifferenti.&nbsp;<\/p>\n\n\n\n<p>Domani, mercoled\u00ec 6 novembre 2024, le organizzazioni sindacali incontreranno i lavoratori in assemblea per valutare insieme le azioni necessarie affinch\u00e9 l\u2019Azienda ritiri il licenziamento.&nbsp;<\/p>\n\n\n\n<p>Al termine dell\u2019assemblea verranno comunicate le iniziative di lotta che FIOM CGIL e FIM CISL intraprenderanno per difendere i diritti dei lavoratori e la dignit\u00e0 dei loro rappresentanti.&nbsp;<\/p>\n\n\n\n<p>\u201cLa procedura di licenziamento per motivo oggettivo di un delegato prevede che l\u2019azienda chieda all\u2019organizzazione sindacale di appartenenza del lavoratore un nullaosta preventivo\u201d, denunciano Biagio Bonomo e Francesca Melagrana, rispettivamente funzionari FIOM CGIL e FIM CISL territoriali, che aggiungono: \u201cNon solo questo non \u00e8 avvenuto, ma al lavoratore che nella giornata di ieri, luned\u00ec 4 novembre, si \u00e8 recato in azienda come tutti i giorni lavorativi, \u00e8 stata consegnata a mano la lettera di licenziamento ed \u00e8 stato poi accompagnato alla porta\u201d.&nbsp;<\/p>\n\n\n\n<p>\u201cChiediamo il reintegro immediato del lavoratore perch\u00e9 \u00e8 un licenziamento illegittimo e siamo pronti alla mobilitazione\u201d, concludono i rappresentanti sindacali.&nbsp;<\/p>\n\n\n\n<p>COMUNICATO STAMPA FIOM CGIL E FIM CISL <\/p>\n","protected":false},"excerpt":{"rendered":"<p>Nella giornata di ieri l&#8217;azienda O.M.V. Officine Metallurgiche Ventura Spa di Lesmo ha comunicato il licenziamento \u201cper motivo oggettivo ai sensi e per gli effetti dell\u2019art. 7\u201d di Massimo Carcano, dipendente storico dell\u2019Azienda dal 1990 e attuale Responsabile Logistica, giustificando la scelta con una presunta riduzione delle attivit\u00e0 aziendali e sostenendo l\u2019impossibilit\u00e0 di ricollocare il [&hellip;]<\/p>\n","protected":false},"author":5,"featured_media":16925,"comment_status":"closed","ping_status":"open","sticky":false,"template":"","format":"standard","meta":{"footnotes":""},"categories":[1],"tags":[],"class_list":{"0":"post-16924","1":"post","2":"type-post","3":"status-publish","4":"format-standard","5":"has-post-thumbnail","7":"category-notizie","8":"czr-hentry"},"_links":{"self":[{"href":"https:\/\/www.monzalecco.lombardia.cisl.it\/index.php?rest_route=\/wp\/v2\/posts\/16924","targetHints":{"allow":["GET"]}}],"collection":[{"href":"https:\/\/www.monzalecco.lombardia.cisl.it\/index.php?rest_route=\/wp\/v2\/posts"}],"about":[{"href":"https:\/\/www.monzalecco.lombardia.cisl.it\/index.php?rest_route=\/wp\/v2\/types\/post"}],"author":[{"embeddable":true,"href":"https:\/\/www.monzalecco.lombardia.cisl.it\/index.php?rest_route=\/wp\/v2\/users\/5"}],"replies":[{"embeddable":true,"href":"https:\/\/www.monzalecco.lombardia.cisl.it\/index.php?rest_route=%2Fwp%2Fv2%2Fcomments&post=16924"}],"version-history":[{"count":1,"href":"https:\/\/www.monzalecco.lombardia.cisl.it\/index.php?rest_route=\/wp\/v2\/posts\/16924\/revisions"}],"predecessor-version":[{"id":16926,"href":"https:\/\/www.monzalecco.lombardia.cisl.it\/index.php?rest_route=\/wp\/v2\/posts\/16924\/revisions\/16926"}],"wp:featuredmedia":[{"embeddable":true,"href":"https:\/\/www.monzalecco.lombardia.cisl.it\/index.php?rest_route=\/wp\/v2\/media\/16925"}],"wp:attachment":[{"href":"https:\/\/www.monzalecco.lombardia.cisl.it\/index.php?rest_route=%2Fwp%2Fv2%2Fmedia&parent=16924"}],"wp:term":[{"taxonomy":"category","embeddable":true,"href":"https:\/\/www.monzalecco.lombardia.cisl.it\/index.php?rest_route=%2Fwp%2Fv2%2Fcategories&post=16924"},{"taxonomy":"post_tag","embeddable":true,"href":"https:\/\/www.monzalecco.lombardia.cisl.it\/index.php?rest_route=%2Fwp%2Fv2%2Ftags&post=16924"}],"curies":[{"name":"wp","href":"https:\/\/api.w.org\/{rel}","templated":true}]}}