{"id":1696,"date":"2018-04-19T15:33:04","date_gmt":"2018-04-19T13:33:04","guid":{"rendered":"http:\/\/www.monzalecco.lombardia.cisl.it\/?p=1696"},"modified":"2020-11-09T14:58:53","modified_gmt":"2020-11-09T13:58:53","slug":"besana-in-brianza","status":"publish","type":"post","link":"https:\/\/www.monzalecco.lombardia.cisl.it\/?p=1696","title":{"rendered":"Besana in Brianza"},"content":{"rendered":"<p>Via Santa Caterina, 6 &#8211; Besana Brianza (MB)<br \/>\ntel. 039\/2399444<\/p>\n<p><strong>Servizi fiscali (CAF)<\/strong><br \/>\nIl servizio \u00e8 disponibile solo durante la campagna fiscale (fine marzo-fine giugno) con i seguenti orari:<br \/>\nMarted\u00ec, gioved\u00ec ore 8.30-12.30 14.00-18.00<br \/>\nVenerd\u00ec ore 14.00-18.00<br \/>\nemail <a href=\"mailto:caaf.lecco@cisl.it\">caaf.lecco@cisl.it<\/a><\/p>\n<p><strong>Pensionati (FNP)<\/strong><br \/>\nmercoled\u00ec e gioved\u00ec dalle 8.30 alle 11.30<br \/>\nil 1\u00b0 e il 3\u00b0 marted\u00ec del mese dalle 14.30 alle 17.00<br \/>\n<a href=\"mailto:fnpcisl.besana@cisl.it\">fnpcisl.besana@cisl.it<\/a><\/p>\n<p><strong>Volontariato (Anteas)<\/strong><br \/>\nLuned\u00ec, marted\u00ec, gioved\u00ec, venerd\u00ec dalle ore 14,30 alle 18,00<\/p>\n","protected":false},"excerpt":{"rendered":"<p>Via Santa Caterina, 6 &#8211; Besana Brianza (MB) tel. 039\/2399444 Servizi fiscali (CAF) Il servizio \u00e8 disponibile solo durante la campagna fiscale (fine marzo-fine giugno) con i seguenti orari: Marted\u00ec, gioved\u00ec ore 8.30-12.30 14.00-18.00 Venerd\u00ec ore 14.00-18.00 email caaf.lecco@cisl.it Pensionati (FNP) mercoled\u00ec e gioved\u00ec dalle 8.30 alle 11.30 il 1\u00b0 e il 3\u00b0 marted\u00ec del [&hellip;]<\/p>\n","protected":false},"author":5,"featured_media":0,"comment_status":"closed","ping_status":"open","sticky":false,"template":"","format":"standard","meta":{"footnotes":""},"categories":[15],"tags":[],"class_list":{"0":"post-1696","1":"post","2":"type-post","3":"status-publish","4":"format-standard","6":"category-sedi","7":"czr-hentry"},"_links":{"self":[{"href":"https:\/\/www.monzalecco.lombardia.cisl.it\/index.php?rest_route=\/wp\/v2\/posts\/1696","targetHints":{"allow":["GET"]}}],"collection":[{"href":"https:\/\/www.monzalecco.lombardia.cisl.it\/index.php?rest_route=\/wp\/v2\/posts"}],"about":[{"href":"https:\/\/www.monzalecco.lombardia.cisl.it\/index.php?rest_route=\/wp\/v2\/types\/post"}],"author":[{"embeddable":true,"href":"https:\/\/www.monzalecco.lombardia.cisl.it\/index.php?rest_route=\/wp\/v2\/users\/5"}],"replies":[{"embeddable":true,"href":"https:\/\/www.monzalecco.lombardia.cisl.it\/index.php?rest_route=%2Fwp%2Fv2%2Fcomments&post=1696"}],"version-history":[{"count":11,"href":"https:\/\/www.monzalecco.lombardia.cisl.it\/index.php?rest_route=\/wp\/v2\/posts\/1696\/revisions"}],"predecessor-version":[{"id":8738,"href":"https:\/\/www.monzalecco.lombardia.cisl.it\/index.php?rest_route=\/wp\/v2\/posts\/1696\/revisions\/8738"}],"wp:attachment":[{"href":"https:\/\/www.monzalecco.lombardia.cisl.it\/index.php?rest_route=%2Fwp%2Fv2%2Fmedia&parent=1696"}],"wp:term":[{"taxonomy":"category","embeddable":true,"href":"https:\/\/www.monzalecco.lombardia.cisl.it\/index.php?rest_route=%2Fwp%2Fv2%2Fcategories&post=1696"},{"taxonomy":"post_tag","embeddable":true,"href":"https:\/\/www.monzalecco.lombardia.cisl.it\/index.php?rest_route=%2Fwp%2Fv2%2Ftags&post=1696"}],"curies":[{"name":"wp","href":"https:\/\/api.w.org\/{rel}","templated":true}]}}