{"id":16975,"date":"2024-11-15T12:26:28","date_gmt":"2024-11-15T11:26:28","guid":{"rendered":"https:\/\/www.monzalecco.lombardia.cisl.it\/?p=16975"},"modified":"2024-11-15T12:27:50","modified_gmt":"2024-11-15T11:27:50","slug":"gruppo-bosh-annuncia-160-esuberi-in-edim-a-villasanta-e-quero","status":"publish","type":"post","link":"https:\/\/www.monzalecco.lombardia.cisl.it\/?p=16975","title":{"rendered":"Gruppo Bosh annuncia 160 esuberi in EDIM a Villasanta e Quero"},"content":{"rendered":"\n<p>Il Gruppo Bosch intende vendere la Edim di Villasanta e Quero ed annuncia 160 esuberi.<br>Nell\u2019incontro avuto questa mattina in Assolombarda a Monza con la Direzione aziendale di Edim Spa, azienda appartenente al Gruppo Bosch, \u00e8 stato annunciata la volont\u00e0 del Gruppo di privarsi degli stabilimenti della Edim di Villasanta e Quero, per i quali si \u00e8 alla ricerca di un compratore, ed il conseguente annuncio di 160 esuberi (120 a Villasanta e 40 a Quero). Di questi 160 esuberi 40 sono lavoratrici e lavoratori somministrati.<br>A seguito di questo annuncio le rappresentanze sindacali hanno manifestato con fermezza la propria posizione di dissenso. \u201cRiteniamo inaccettabile che si ricorra alla soluzione degli esuberi, con gravi<br>ripercussioni sui lavoratori, sulle loro famiglie e sull\u2019intero tessuto sociale\u201d hanno ribadito al tavolo di trattativa i rappresentanti di Fim, Fiom e Uilm della Brianza e di Belluno.<br>La Direzione Aziendale ha giustificato la propria decisione con motivazioni legate a presunte difficolt\u00e0 economiche e con il fatto che le attivit\u00e0 svolte in Edim non hanno mai fatto parte del core business del Gruppo Bosch.<br>Fim, Fiom e Uilm con le RSU dei due siti produttivi hanno sollevato numerosi dubbi in merito a queste motivazioni, ritenendo che il piano di esuberi e la volont\u00e0 di vendere la Edim sia la dimostrazione di una scelta gestionale miope e priva di visione a lungo termine.<br>Per questo motivo \u00e8 stato chiesto al Gruppo Bosch di ritirare un simile disegno e di fare gli investimenti necessari per rilanciare la Edim.<br>Abbiamo inoltre manifestato la volont\u00e0 di aprire un confronto che coinvolga anche le Istituzioni del nostro Paese, a partire dalle Regioni Lombardia e Veneto per arrivare al Governo con i Ministeri interessati.<br>Nei prossimi giorni sono in programma le assemblee delle lavoratrici e dei lavoratori e si valuter\u00e0 l\u2019adozione di iniziative di mobilitazione per difendere il lavoro e l\u2019occupazione.<\/p>\n\n\n\n<p><\/p>\n","protected":false},"excerpt":{"rendered":"<p>Il Gruppo Bosch intende vendere la Edim di Villasanta e Quero ed annuncia 160 esuberi.Nell\u2019incontro avuto questa mattina in Assolombarda a Monza con la Direzione aziendale di Edim Spa, azienda appartenente al Gruppo Bosch, \u00e8 stato annunciata la volont\u00e0 del Gruppo di privarsi degli stabilimenti della Edim di Villasanta e Quero, per i quali si [&hellip;]<\/p>\n","protected":false},"author":5,"featured_media":16976,"comment_status":"closed","ping_status":"open","sticky":false,"template":"","format":"standard","meta":{"footnotes":""},"categories":[1],"tags":[],"class_list":{"0":"post-16975","1":"post","2":"type-post","3":"status-publish","4":"format-standard","5":"has-post-thumbnail","7":"category-notizie","8":"czr-hentry"},"_links":{"self":[{"href":"https:\/\/www.monzalecco.lombardia.cisl.it\/index.php?rest_route=\/wp\/v2\/posts\/16975","targetHints":{"allow":["GET"]}}],"collection":[{"href":"https:\/\/www.monzalecco.lombardia.cisl.it\/index.php?rest_route=\/wp\/v2\/posts"}],"about":[{"href":"https:\/\/www.monzalecco.lombardia.cisl.it\/index.php?rest_route=\/wp\/v2\/types\/post"}],"author":[{"embeddable":true,"href":"https:\/\/www.monzalecco.lombardia.cisl.it\/index.php?rest_route=\/wp\/v2\/users\/5"}],"replies":[{"embeddable":true,"href":"https:\/\/www.monzalecco.lombardia.cisl.it\/index.php?rest_route=%2Fwp%2Fv2%2Fcomments&post=16975"}],"version-history":[{"count":2,"href":"https:\/\/www.monzalecco.lombardia.cisl.it\/index.php?rest_route=\/wp\/v2\/posts\/16975\/revisions"}],"predecessor-version":[{"id":16978,"href":"https:\/\/www.monzalecco.lombardia.cisl.it\/index.php?rest_route=\/wp\/v2\/posts\/16975\/revisions\/16978"}],"wp:featuredmedia":[{"embeddable":true,"href":"https:\/\/www.monzalecco.lombardia.cisl.it\/index.php?rest_route=\/wp\/v2\/media\/16976"}],"wp:attachment":[{"href":"https:\/\/www.monzalecco.lombardia.cisl.it\/index.php?rest_route=%2Fwp%2Fv2%2Fmedia&parent=16975"}],"wp:term":[{"taxonomy":"category","embeddable":true,"href":"https:\/\/www.monzalecco.lombardia.cisl.it\/index.php?rest_route=%2Fwp%2Fv2%2Fcategories&post=16975"},{"taxonomy":"post_tag","embeddable":true,"href":"https:\/\/www.monzalecco.lombardia.cisl.it\/index.php?rest_route=%2Fwp%2Fv2%2Ftags&post=16975"}],"curies":[{"name":"wp","href":"https:\/\/api.w.org\/{rel}","templated":true}]}}