{"id":16979,"date":"2024-11-20T10:28:35","date_gmt":"2024-11-20T09:28:35","guid":{"rendered":"https:\/\/www.monzalecco.lombardia.cisl.it\/?p=16979"},"modified":"2024-11-20T10:28:38","modified_gmt":"2024-11-20T09:28:38","slug":"siulp-plauso-agli-agenti-della-polizia-di-monza-brianza","status":"publish","type":"post","link":"https:\/\/www.monzalecco.lombardia.cisl.it\/?p=16979","title":{"rendered":"SIULP: plauso agli agenti della Polizia di Monza Brianza"},"content":{"rendered":"\n<p>Siulp Monza e Brianza, il Sindacato che rappresenta i lavoratori di Polizia sul nostro territorio, ha espresso con un comunicato stampa grande soddisfazione e riconoscenza per l&#8217;azione svolta dagli  Operatori delle Volanti dell&#8217;Ufficio Prevenzione Generale e Soccorso Pubblico della Questura di Monza e della Brianza che gioved\u00ec della scorsa settimana sono state coinvolte in un rischioso inseguimento tenutosi a folle velocit\u00e0&#8217; dopo che, in via Borgazzi, nell&#8217;ambito dei servizi di controllo del territorio predisposti dal Questore della Provincia di Monza e della Brianza, Salvatore Barilaro, hanno deciso di sottoporre a controllo un veicolo con a bordo due persone. L&#8217;operazione si \u00e8 conclusa, dopo aver percorso diverse strade cittadine, con l&#8217;arresto di due soggetti colombiani di 34 e 25 anni, irregolari sul territorio, per resistenza a pubblico ufficiale. Il colombiano di 25 anni \u00e8 stato anche trovato in possesso di un passaporto falso. Arresti convalidati al processo per direttissima, a seguito del quale \u00e8 stata disposta per entrambi la misura cautelare del divieto di dimora nelle province di Monza e Brianza e Milano. Il Questore nelle sue funzioni ha poi disposto il loro collocamento presso il CPR di Milano per il trattenimento per il tempo strettamente necessario al rimpatrio.\u00a0<\/p>\n\n\n\n<p><em>&#8220;Siamo certi che anche il Questore di Monza e della Brianza Dottor Salvatore Barilaro, sapr\u00e0 rendere il giusto riconoscimento all&#8217;operato dei colleghi che pur di assicurare alla giustizia i soggetti che la infrangono ogni giorno mettono a repentaglio la loro incolumit\u00e0&#8221;<\/em> ha affermato Giancarlo Baroni, segretario generale provinciale del Siulp. <em>&#8220;In tale ottica \u00e8 doveroso un plauso verso questi &#8220;giovani&#8221; Agenti non solo per la caparbiet\u00e0 e professionalit\u00e0 nell&#8217; attivit\u00e0 svolta, ma soprattutto per il loro senso del dovere e appartenenza la cui conseguenza \u00e8 quella di non far venire meno in alcun modo la loro presenza sul territorio, rendendo lustro all&#8217;Amministrazione della Pubblica Sicurezza ed alimentando quel sentimento di fiducia da parte dei Cittadini verso le FF.OO&#8221;<\/em>.\u00a0<\/p>\n\n\n\n<p><em>&#8220;Tutto ci\u00f2<\/em> \u2013 aggiunge Baroni \u2013 <em>in un contesto non certo facile per i colleghi che quotidianamente sono impegnati in attivit\u00e0 di contrasto al crimine urbano e non, nonostante le ben note e pi\u00f9 volte segnalate <strong>carenze organiche <\/strong>che affliggono la Polizia di Stato, e in particolare sul territorio provinciale che annovera un organico tuttora inadeguato per le esigenze connesse a tutte le attivit\u00e0 proprie di P.S, quali il controllo del territorio, l&#8217;Ordine Pubblico, nonch\u00e9 tutte quelle attivit\u00e0 legate alla legislazione sugli stranieri e quelle amministrative relative al rilascio di passaporti e licenze oltre che di prevenzione e polizia giudiziaria, non \u00e8 che la conferma di ci\u00f2 che noi del SIULP affermiamo da sempre: oltre all&#8217;attivit\u00e0 di prevenzione e repressione dei reati serve l&#8217;adozione di rigorose misure giudiziarie che diano certezza alla pena inflitta per porre rimedio all&#8217;intensificarsi di simili fenomeni oltre che una pena certa e immediata per chi aggredisce un appartenente alle FF.OO e a chi \u00e8 incaricato di un pubblico servizio, quali capo treno, autista di bus, infermieri&#8230;ovvero tutti quelli delle &#8220;<strong>helping professions<\/strong>&#8220;, di cui noi come Siulp, il sindacato di categoria pi\u00f9 rappresentativo nella nostra provincia e in ambito nazionale da sempre, abbiamo negli anni scorsi sostenuto la campagna di raccolta firme per una legge di iniziativa popolare che punta ad introdurre uno specifico reato per chi aggredisce un appartenente alle Forze dell&#8217;Ordine o un operatore del soccorso pubblico o un incaricato di pubblico servizio<\/em>.\u00a0<\/p>\n","protected":false},"excerpt":{"rendered":"<p>Siulp Monza e Brianza, il Sindacato che rappresenta i lavoratori di Polizia sul nostro territorio, ha espresso con un comunicato stampa grande soddisfazione e riconoscenza per l&#8217;azione svolta dagli Operatori delle Volanti dell&#8217;Ufficio Prevenzione Generale e Soccorso Pubblico della Questura di Monza e della Brianza che gioved\u00ec della scorsa settimana sono state coinvolte in un [&hellip;]<\/p>\n","protected":false},"author":5,"featured_media":16980,"comment_status":"closed","ping_status":"open","sticky":false,"template":"","format":"standard","meta":{"footnotes":""},"categories":[1],"tags":[],"class_list":{"0":"post-16979","1":"post","2":"type-post","3":"status-publish","4":"format-standard","5":"has-post-thumbnail","7":"category-notizie","8":"czr-hentry"},"_links":{"self":[{"href":"https:\/\/www.monzalecco.lombardia.cisl.it\/index.php?rest_route=\/wp\/v2\/posts\/16979","targetHints":{"allow":["GET"]}}],"collection":[{"href":"https:\/\/www.monzalecco.lombardia.cisl.it\/index.php?rest_route=\/wp\/v2\/posts"}],"about":[{"href":"https:\/\/www.monzalecco.lombardia.cisl.it\/index.php?rest_route=\/wp\/v2\/types\/post"}],"author":[{"embeddable":true,"href":"https:\/\/www.monzalecco.lombardia.cisl.it\/index.php?rest_route=\/wp\/v2\/users\/5"}],"replies":[{"embeddable":true,"href":"https:\/\/www.monzalecco.lombardia.cisl.it\/index.php?rest_route=%2Fwp%2Fv2%2Fcomments&post=16979"}],"version-history":[{"count":1,"href":"https:\/\/www.monzalecco.lombardia.cisl.it\/index.php?rest_route=\/wp\/v2\/posts\/16979\/revisions"}],"predecessor-version":[{"id":16981,"href":"https:\/\/www.monzalecco.lombardia.cisl.it\/index.php?rest_route=\/wp\/v2\/posts\/16979\/revisions\/16981"}],"wp:featuredmedia":[{"embeddable":true,"href":"https:\/\/www.monzalecco.lombardia.cisl.it\/index.php?rest_route=\/wp\/v2\/media\/16980"}],"wp:attachment":[{"href":"https:\/\/www.monzalecco.lombardia.cisl.it\/index.php?rest_route=%2Fwp%2Fv2%2Fmedia&parent=16979"}],"wp:term":[{"taxonomy":"category","embeddable":true,"href":"https:\/\/www.monzalecco.lombardia.cisl.it\/index.php?rest_route=%2Fwp%2Fv2%2Fcategories&post=16979"},{"taxonomy":"post_tag","embeddable":true,"href":"https:\/\/www.monzalecco.lombardia.cisl.it\/index.php?rest_route=%2Fwp%2Fv2%2Ftags&post=16979"}],"curies":[{"name":"wp","href":"https:\/\/api.w.org\/{rel}","templated":true}]}}