{"id":17028,"date":"2024-12-10T18:38:10","date_gmt":"2024-12-10T17:38:10","guid":{"rendered":"https:\/\/www.monzalecco.lombardia.cisl.it\/?p=17028"},"modified":"2024-12-10T18:41:05","modified_gmt":"2024-12-10T17:41:05","slug":"giovanni-panozzo-al-consiglio-generale-della-fai-cisl-mbl","status":"publish","type":"post","link":"https:\/\/www.monzalecco.lombardia.cisl.it\/?p=17028","title":{"rendered":"Giovanni Panozzo al Consiglio Generale della FAI CISL MBL"},"content":{"rendered":"\n<p><strong>Proiettati estratti dei suoi docufilm \u201cScusa Italia\u201d e \u201cIn equilibrio precario\u201d <\/strong><\/p>\n\n\n\n<p>Giornata importante ed emozionante quella di oggi per i componenti del Consiglio Generale della FAI CISL Monza Brianza Lecco impegnati nei lavori di avvio della fase congressuale 2025 in presenza della Segreteria CISL Monza Brianza Lecco, rappresentata da Mirco Scaccabarozzi e Annalisa Caron.<\/p>\n\n\n\n<p>A seguire un momento intenso e ricco di commozione con la proiezione di estratti dei docufilm \u201cScusa Italia\u201d e \u201cIn equilibrio precario\u201d dell\u2019artista e regista Giovanni Panozzo, presente in sala.<\/p>\n\n\n\n<p>La prima proiezione \u00e8 stata di due dei cinque episodi del docufilm &#8220;Scusa Italia&#8221; prodotto da Fai-Cisl, Agrilavoro e Fondazione Fai-Cisl Studi e Ricerche. Storie di lavoro divenuto strumento di riscatto sociale e di scelta e affermazione di una nuova ripartenza nella legalit\u00e0. Come \u00e8 capitato a Gaetano che, dopo 7 anni di carcere, si \u00e8 trovato proiettato in un mondo diverso da quello in cui \u00e8 cresciuto a Scampia: grazie al progetto &#8220;Esternamente&#8221; gli viene data la possibilit\u00e0 di lavorare per 10 mesi nella cooperativa &#8220;Al di l\u00e0 dei sogni&#8221; e li, in modo semplice, senza forzature, trova una comunit\u00e0 che lo accoglie senza pregiudizi, che in lui vede il buono e il potenziale per essere parte attiva della comunit\u00e0. E per la prima volta, attraverso gli sguardi dei suoi nuovi compagni di vita, Gaetano riconosce in s\u00e9 stesso quel valore. Come lui stesso racconta \u201cNon ho trovato solo un lavoro, ho trovato la mia dignit\u00e0\u201d.<\/p>\n\n\n\n<p>Il secondo estratto di \u201cScusa Italia\u201d riprende la vita dei lavoratori agricoli nelle baraccopoli dei campi del sud Italia. Nessun servizio igienico, auto trasformate in \u201cappartamenti\u201d, tutti i propri averi in due sacchetti di plastica. Condizioni igieniche inaccettabili, di cui ci indigneremmo anche se in quegli spazi vivessero animali, non persone. Persone che vogliono solo lavorare e che in molti casi, come si sente nel video, chiedono scusa all\u2019Italia e agli operatori sindacali che si presentano per aiutarli perch\u00e9 si sentono &#8220;un problema&#8221;, quando in realt\u00e0 sono solo vittime dell\u2019illegalit\u00e0.<br><br>Il docufilm \u201cIn equilibrio precario\u201d racconta invece storie di persone che vogliono \u201clasciare una traccia per chi verr\u00e0 dopo\u201d come spiega l\u2019autore Giovanni Panozzo. Dall\u2019imprenditore che reinventa la sua vita lasciando la certezza di un\u2019attivit\u00e0 di famiglia e creando una nuova azienda a \u201cmisura d\u2019uomo\u201d dove la persona soppianta il profitto al centro della vita aziendale, alla piccola squadra di volley di Grottazzolina che, da piccola realt\u00e0 di paese, \u00e8 approdata quest\u2019anno alla SuperLega mantenendo, con umilt\u00e0, il suo forte legame con il territorio e diventando in questo modo un collante per l\u2019intera comunit\u00e0.<br><br>Al termine delle proiezioni si \u00e8 aperto un vivace dibattito tra i componenti del Consiglio Generale che ha portato a concordare unanimemente sul bisogno di \u201cessere accoglienti\u201d. Accoglienza \u00e8 la parola chiave per superare le differenze, donare una possibilit\u00e0 di riscatto, restituire dignit\u00e0 l\u00e0 dove \u00e8 stata tolta. Accoglienza \u00e8 un termine che descrive in modo chiaro anche il ruolo del rappresentante sindacale in azienda, che accoglie i colleghi con i propri problemi e si batte per i loro diritti e la tutela della loro dignit\u00e0.<\/p>\n","protected":false},"excerpt":{"rendered":"<p>Proiettati estratti dei suoi docufilm \u201cScusa Italia\u201d e \u201cIn equilibrio precario\u201d Giornata importante ed emozionante quella di oggi per i componenti del Consiglio Generale della FAI CISL Monza Brianza Lecco impegnati nei lavori di avvio della fase congressuale 2025 in presenza della Segreteria CISL Monza Brianza Lecco, rappresentata da Mirco Scaccabarozzi e Annalisa Caron. A [&hellip;]<\/p>\n","protected":false},"author":5,"featured_media":17030,"comment_status":"closed","ping_status":"open","sticky":false,"template":"","format":"standard","meta":{"footnotes":""},"categories":[1],"tags":[],"class_list":{"0":"post-17028","1":"post","2":"type-post","3":"status-publish","4":"format-standard","5":"has-post-thumbnail","7":"category-notizie","8":"czr-hentry"},"_links":{"self":[{"href":"https:\/\/www.monzalecco.lombardia.cisl.it\/index.php?rest_route=\/wp\/v2\/posts\/17028","targetHints":{"allow":["GET"]}}],"collection":[{"href":"https:\/\/www.monzalecco.lombardia.cisl.it\/index.php?rest_route=\/wp\/v2\/posts"}],"about":[{"href":"https:\/\/www.monzalecco.lombardia.cisl.it\/index.php?rest_route=\/wp\/v2\/types\/post"}],"author":[{"embeddable":true,"href":"https:\/\/www.monzalecco.lombardia.cisl.it\/index.php?rest_route=\/wp\/v2\/users\/5"}],"replies":[{"embeddable":true,"href":"https:\/\/www.monzalecco.lombardia.cisl.it\/index.php?rest_route=%2Fwp%2Fv2%2Fcomments&post=17028"}],"version-history":[{"count":5,"href":"https:\/\/www.monzalecco.lombardia.cisl.it\/index.php?rest_route=\/wp\/v2\/posts\/17028\/revisions"}],"predecessor-version":[{"id":17035,"href":"https:\/\/www.monzalecco.lombardia.cisl.it\/index.php?rest_route=\/wp\/v2\/posts\/17028\/revisions\/17035"}],"wp:featuredmedia":[{"embeddable":true,"href":"https:\/\/www.monzalecco.lombardia.cisl.it\/index.php?rest_route=\/wp\/v2\/media\/17030"}],"wp:attachment":[{"href":"https:\/\/www.monzalecco.lombardia.cisl.it\/index.php?rest_route=%2Fwp%2Fv2%2Fmedia&parent=17028"}],"wp:term":[{"taxonomy":"category","embeddable":true,"href":"https:\/\/www.monzalecco.lombardia.cisl.it\/index.php?rest_route=%2Fwp%2Fv2%2Fcategories&post=17028"},{"taxonomy":"post_tag","embeddable":true,"href":"https:\/\/www.monzalecco.lombardia.cisl.it\/index.php?rest_route=%2Fwp%2Fv2%2Ftags&post=17028"}],"curies":[{"name":"wp","href":"https:\/\/api.w.org\/{rel}","templated":true}]}}