{"id":1710,"date":"2018-04-19T15:36:20","date_gmt":"2018-04-19T13:36:20","guid":{"rendered":"http:\/\/www.monzalecco.lombardia.cisl.it\/?p=1710"},"modified":"2023-05-04T16:45:08","modified_gmt":"2023-05-04T14:45:08","slug":"brugherio","status":"publish","type":"post","link":"https:\/\/www.monzalecco.lombardia.cisl.it\/?p=1710","title":{"rendered":"Brugherio"},"content":{"rendered":"<p>Via Italia, 62 &#8211; Brugherio (MB)<br \/>\ntel. 039-2399295 fax 039-2399447<\/p>\n<p>&nbsp;<\/p>\n<p><strong>Assistenza fiscale (CAF)<\/strong><br \/>\nIl servizio \u00e8 disponibile solo durante la campagna fiscale (fine marzo-fine giugno) con i seguenti orari:<br \/>\ndal luned\u00ec al venerd\u00ec ore 8.30-12.30<br \/>\nEmail <a href=\"mailto:caaf.monza@cisl.it\">caaf.monza@cisl.it<\/a><\/p>\n<p><strong>Pensionati (FNP)<\/strong><br \/>\nLuned\u00ec, marted\u00ec, gioved\u00ec, venerd\u00ec dalle 9.00 alle 11.30<br \/>\n<a href=\"mailto:fnpcisl.brugherio@cisl.it\">fnpcisl.brugherio@cisl.it<\/a><\/p>\n<p><strong>Sportello Sociale<\/strong><br \/>\nMarted\u00ec dalle 9.00 alle 12.00<br \/>\nTel. 039\/2399447<\/p>\n<p><strong>Scuola (CISL SCUOLA)<\/strong><br \/>\ngioved\u00ec dalle 15.00 alle 17.30<br \/>\n(stato giuridico, ordinamenti, contratto, OO.MM, trattamento economico ex ENAM INPDAP)<br \/>\nEmail <a href=\"mailto:cislscuola_monza@cisl.it\">cislscuola_monza@cisl.it<\/a><\/p>\n<p><strong>Alimentaristi e agricoli <\/strong><strong>(FAI)<\/strong><br \/>\nStefano Bosisio cell. 333\/8954370<br \/>\nMaurizio Raimondi cell. 351\/7224768<br \/>\nRiceve: Mercoled\u00ec ore 14,00 \u2013 18,00<\/p>\n<p><strong>Volontatiato (Anteas)<\/strong><br \/>\nVia De Gasperi, 4 (presso Centro Anziani Serra De Pisis \u2013 Parco Villa Fiorita)<br \/>\nTel. 039\/2893285<br \/>\nDal luned\u00ec al sabato<br \/>\nOrario invernale: dalle ore 14,00 alle ore 17,00<br \/>\nOrario estivo: dalle ore 14,30 alle ore 18,20<\/p>\n<p>&nbsp;<\/p>\n<p>&nbsp;<\/p>\n<p>&nbsp;<\/p>\n","protected":false},"excerpt":{"rendered":"<p>Via Italia, 62 &#8211; Brugherio (MB) tel. 039-2399295 fax 039-2399447 &nbsp; Assistenza fiscale (CAF) Il servizio \u00e8 disponibile solo durante la campagna fiscale (fine marzo-fine giugno) con i seguenti orari: dal luned\u00ec al venerd\u00ec ore 8.30-12.30 Email caaf.monza@cisl.it Pensionati (FNP) Luned\u00ec, marted\u00ec, gioved\u00ec, venerd\u00ec dalle 9.00 alle 11.30 fnpcisl.brugherio@cisl.it Sportello Sociale Marted\u00ec dalle 9.00 alle [&hellip;]<\/p>\n","protected":false},"author":5,"featured_media":0,"comment_status":"closed","ping_status":"open","sticky":false,"template":"","format":"standard","meta":{"footnotes":""},"categories":[15],"tags":[],"class_list":{"0":"post-1710","1":"post","2":"type-post","3":"status-publish","4":"format-standard","6":"category-sedi","7":"czr-hentry"},"_links":{"self":[{"href":"https:\/\/www.monzalecco.lombardia.cisl.it\/index.php?rest_route=\/wp\/v2\/posts\/1710","targetHints":{"allow":["GET"]}}],"collection":[{"href":"https:\/\/www.monzalecco.lombardia.cisl.it\/index.php?rest_route=\/wp\/v2\/posts"}],"about":[{"href":"https:\/\/www.monzalecco.lombardia.cisl.it\/index.php?rest_route=\/wp\/v2\/types\/post"}],"author":[{"embeddable":true,"href":"https:\/\/www.monzalecco.lombardia.cisl.it\/index.php?rest_route=\/wp\/v2\/users\/5"}],"replies":[{"embeddable":true,"href":"https:\/\/www.monzalecco.lombardia.cisl.it\/index.php?rest_route=%2Fwp%2Fv2%2Fcomments&post=1710"}],"version-history":[{"count":11,"href":"https:\/\/www.monzalecco.lombardia.cisl.it\/index.php?rest_route=\/wp\/v2\/posts\/1710\/revisions"}],"predecessor-version":[{"id":13830,"href":"https:\/\/www.monzalecco.lombardia.cisl.it\/index.php?rest_route=\/wp\/v2\/posts\/1710\/revisions\/13830"}],"wp:attachment":[{"href":"https:\/\/www.monzalecco.lombardia.cisl.it\/index.php?rest_route=%2Fwp%2Fv2%2Fmedia&parent=1710"}],"wp:term":[{"taxonomy":"category","embeddable":true,"href":"https:\/\/www.monzalecco.lombardia.cisl.it\/index.php?rest_route=%2Fwp%2Fv2%2Fcategories&post=1710"},{"taxonomy":"post_tag","embeddable":true,"href":"https:\/\/www.monzalecco.lombardia.cisl.it\/index.php?rest_route=%2Fwp%2Fv2%2Ftags&post=1710"}],"curies":[{"name":"wp","href":"https:\/\/api.w.org\/{rel}","templated":true}]}}