{"id":1769,"date":"2018-04-19T15:59:27","date_gmt":"2018-04-19T13:59:27","guid":{"rendered":"http:\/\/www.monzalecco.lombardia.cisl.it\/?p=1769"},"modified":"2018-06-05T13:59:20","modified_gmt":"2018-06-05T11:59:20","slug":"concorezzo","status":"publish","type":"post","link":"https:\/\/www.monzalecco.lombardia.cisl.it\/?p=1769","title":{"rendered":"Concorezzo"},"content":{"rendered":"<p>via Libert\u00e0, 9 &#8211; CONCOREZZO (MB)<br \/>\nc\/o centro Anziani &#8211; 039-6041762<\/p>\n<p><strong>Servizi fiscali (CAF)<\/strong><br \/>\nIl servizio \u00e8 disponibile solo durante la campagna fiscale (fine marzo-fine giugno) con i seguenti orari:<br \/>\nMarted\u00ec e gioved\u00ec ore 8.30-12.30 e 14.00-18.00<br \/>\nMercoled\u00ec ore 8.30-12.30<br \/>\nEmail <a href=\"mailto:caaf.monza@cisl.it\">caaf.monza@cisl.it<\/a><\/p>\n","protected":false},"excerpt":{"rendered":"<p>via Libert\u00e0, 9 &#8211; CONCOREZZO (MB) c\/o centro Anziani &#8211; 039-6041762 Servizi fiscali (CAF) Il servizio \u00e8 disponibile solo durante la campagna fiscale (fine marzo-fine giugno) con i seguenti orari: Marted\u00ec e gioved\u00ec ore 8.30-12.30 e 14.00-18.00 Mercoled\u00ec ore 8.30-12.30 Email caaf.monza@cisl.it<\/p>\n","protected":false},"author":5,"featured_media":0,"comment_status":"closed","ping_status":"open","sticky":false,"template":"","format":"standard","meta":{"footnotes":""},"categories":[15],"tags":[],"class_list":{"0":"post-1769","1":"post","2":"type-post","3":"status-publish","4":"format-standard","6":"category-sedi","7":"czr-hentry"},"_links":{"self":[{"href":"https:\/\/www.monzalecco.lombardia.cisl.it\/index.php?rest_route=\/wp\/v2\/posts\/1769","targetHints":{"allow":["GET"]}}],"collection":[{"href":"https:\/\/www.monzalecco.lombardia.cisl.it\/index.php?rest_route=\/wp\/v2\/posts"}],"about":[{"href":"https:\/\/www.monzalecco.lombardia.cisl.it\/index.php?rest_route=\/wp\/v2\/types\/post"}],"author":[{"embeddable":true,"href":"https:\/\/www.monzalecco.lombardia.cisl.it\/index.php?rest_route=\/wp\/v2\/users\/5"}],"replies":[{"embeddable":true,"href":"https:\/\/www.monzalecco.lombardia.cisl.it\/index.php?rest_route=%2Fwp%2Fv2%2Fcomments&post=1769"}],"version-history":[{"count":4,"href":"https:\/\/www.monzalecco.lombardia.cisl.it\/index.php?rest_route=\/wp\/v2\/posts\/1769\/revisions"}],"predecessor-version":[{"id":2334,"href":"https:\/\/www.monzalecco.lombardia.cisl.it\/index.php?rest_route=\/wp\/v2\/posts\/1769\/revisions\/2334"}],"wp:attachment":[{"href":"https:\/\/www.monzalecco.lombardia.cisl.it\/index.php?rest_route=%2Fwp%2Fv2%2Fmedia&parent=1769"}],"wp:term":[{"taxonomy":"category","embeddable":true,"href":"https:\/\/www.monzalecco.lombardia.cisl.it\/index.php?rest_route=%2Fwp%2Fv2%2Fcategories&post=1769"},{"taxonomy":"post_tag","embeddable":true,"href":"https:\/\/www.monzalecco.lombardia.cisl.it\/index.php?rest_route=%2Fwp%2Fv2%2Ftags&post=1769"}],"curies":[{"name":"wp","href":"https:\/\/api.w.org\/{rel}","templated":true}]}}