{"id":1775,"date":"2018-04-19T16:00:50","date_gmt":"2018-04-19T14:00:50","guid":{"rendered":"http:\/\/www.monzalecco.lombardia.cisl.it\/?p=1775"},"modified":"2025-01-13T11:33:02","modified_gmt":"2025-01-13T10:33:02","slug":"cornate-dadda-2","status":"publish","type":"post","link":"https:\/\/www.monzalecco.lombardia.cisl.it\/?p=1775","title":{"rendered":"Cornate d&#8217;Adda"},"content":{"rendered":"<p>Tel. 039-2399397<br \/>\nVia Volta, 31 &#8211; 20872 Cornate d\u2019Adda<\/p>\n<p><strong>Servizi Fiscali (CAF)<\/strong><br \/>\nIl servizio \u00e8 disponibile solo durante la campagna fiscale (fine marzo-fine giugno) con i seguenti orari:<br \/>\nLuned\u00ec e mercoled\u00ec\u00a0 ore 8.30-12.30 e 14.00-18.00<br \/>\nEmail <a href=\"mailto:caaf.monza@cisl.it\">caaf.monza@cisl.it<\/a><\/p>\n<p><strong>Pensionati (FNP)<\/strong><br \/>\nLuned\u00ec, mercoled\u00ec ore 14.30-16.30<br \/>\nGioved\u00ec 09.00-12.00<br \/>\nEmail <a href=\"mailto:fnpcisl.cornate@cisl.it\">fnpcisl.cornate@cisl.it<\/a><\/p>\n","protected":false},"excerpt":{"rendered":"<p>Tel. 039-2399397 Via Volta, 31 &#8211; 20872 Cornate d\u2019Adda Servizi Fiscali (CAF) Il servizio \u00e8 disponibile solo durante la campagna fiscale (fine marzo-fine giugno) con i seguenti orari: Luned\u00ec e mercoled\u00ec\u00a0 ore 8.30-12.30 e 14.00-18.00 Email caaf.monza@cisl.it Pensionati (FNP) Luned\u00ec, mercoled\u00ec ore 14.30-16.30 Gioved\u00ec 09.00-12.00 Email fnpcisl.cornate@cisl.it<\/p>\n","protected":false},"author":5,"featured_media":0,"comment_status":"closed","ping_status":"open","sticky":false,"template":"","format":"standard","meta":{"footnotes":""},"categories":[15],"tags":[],"class_list":{"0":"post-1775","1":"post","2":"type-post","3":"status-publish","4":"format-standard","6":"category-sedi","7":"czr-hentry"},"_links":{"self":[{"href":"https:\/\/www.monzalecco.lombardia.cisl.it\/index.php?rest_route=\/wp\/v2\/posts\/1775","targetHints":{"allow":["GET"]}}],"collection":[{"href":"https:\/\/www.monzalecco.lombardia.cisl.it\/index.php?rest_route=\/wp\/v2\/posts"}],"about":[{"href":"https:\/\/www.monzalecco.lombardia.cisl.it\/index.php?rest_route=\/wp\/v2\/types\/post"}],"author":[{"embeddable":true,"href":"https:\/\/www.monzalecco.lombardia.cisl.it\/index.php?rest_route=\/wp\/v2\/users\/5"}],"replies":[{"embeddable":true,"href":"https:\/\/www.monzalecco.lombardia.cisl.it\/index.php?rest_route=%2Fwp%2Fv2%2Fcomments&post=1775"}],"version-history":[{"count":12,"href":"https:\/\/www.monzalecco.lombardia.cisl.it\/index.php?rest_route=\/wp\/v2\/posts\/1775\/revisions"}],"predecessor-version":[{"id":17191,"href":"https:\/\/www.monzalecco.lombardia.cisl.it\/index.php?rest_route=\/wp\/v2\/posts\/1775\/revisions\/17191"}],"wp:attachment":[{"href":"https:\/\/www.monzalecco.lombardia.cisl.it\/index.php?rest_route=%2Fwp%2Fv2%2Fmedia&parent=1775"}],"wp:term":[{"taxonomy":"category","embeddable":true,"href":"https:\/\/www.monzalecco.lombardia.cisl.it\/index.php?rest_route=%2Fwp%2Fv2%2Fcategories&post=1775"},{"taxonomy":"post_tag","embeddable":true,"href":"https:\/\/www.monzalecco.lombardia.cisl.it\/index.php?rest_route=%2Fwp%2Fv2%2Ftags&post=1775"}],"curies":[{"name":"wp","href":"https:\/\/api.w.org\/{rel}","templated":true}]}}