{"id":18684,"date":"2025-12-03T17:07:02","date_gmt":"2025-12-03T16:07:02","guid":{"rendered":"https:\/\/www.monzalecco.lombardia.cisl.it\/?p=18684"},"modified":"2025-12-03T17:07:04","modified_gmt":"2025-12-03T16:07:04","slug":"crescita-e-tasse","status":"publish","type":"post","link":"https:\/\/www.monzalecco.lombardia.cisl.it\/?p=18684","title":{"rendered":"Crescita e tasse"},"content":{"rendered":"\n<p>L&#8217;analisi di Mirco Scaccabarozzi, Segretario Generale CISL Monza Brianza Lecco<\/p>\n\n\n\n<p>Se, come vuole l\u2019Istat, il Pil nell\u2019anno corrente si attester\u00e0 allo 0,6% per salire allo 0,8% nel 2026, il raffronto con altre realt\u00e0, e limitiamoci al campo europeo, induce forte perplessit\u00e0 e insieme preoccupazione. La Spagna, ad esempio, nel solo 2025 raggiunger\u00e0 una crescita doppia rispetto alla nostra nel biennio. Il tema \u00e8: la seconda manifattura europea vuole o non vuole, pu\u00f2 o non pu\u00f2 essere ancora una realt\u00e0 significativa nell\u2019orizzonte dell\u2019attuale realt\u00e0 di mercato?<\/p>\n\n\n\n<p>Direzioni ineludibili, sburocratizzazione e connettivit\u00e0 sempre pi\u00f9 veloce, a sostegno dell\u2019impellente bisogno che le nostre aziende hanno di essere competitive per conquistare mercati o puntare a corposi quanto imprescindibili investimenti.<\/p>\n\n\n\n<p>Istruttiva nella sua negativit\u00e0 la parabola di Transizione 5.0. Iniziale oscurit\u00e0 delle regole corredata dall\u2019immancabile ambiguit\u00e0. Con i chiarimenti ministeriali, ancorch\u00e9 tardivi, si \u00e8 aperto uno spiraglio per l\u2019imprenditoria ma \u00e8 stata una lotta contro il tempo. Morale, in autunno la misura aveva assorbito solo due dei 6,2 miliardi disponibili. Partita riaperta con decretazione in zona Cesarini, anche se il piano PNRR prevedeva il termine entro fine anno. Insomma un numero cospicuo di imprese a rischio perdita di incentivi per centinaia di milioni di euro.<\/p>\n\n\n\n<p>Sovrana indifferenza del Governo al fatto che, fidando nella norma, in realt\u00e0 debito bancario e spese, in media di mezzo milione, siano divenuti un\u2019angosciosa spada di Damocle. Insomma un orizzonte ribaltato rispetto a quello auspicato dal mondo produttivo.<\/p>\n\n\n\n<p>Detto diversamente, assenza di certezze nelle regole, provvedimenti intermittenti che rendono ardua la programmazione degli investimenti, entro un quadro internazionale che vede due devastanti conflitti nella contiguit\u00e0 geografica, costi energetici crescenti e le incognite derivanti dall\u2019innovazione tecnologica.<\/p>\n\n\n\n<p>Per la Cisl questo Governo va incalzato, o ancor meglio stretto d\u2019assedio su investimenti produttivi figli di una politica industriale degna di questo nome. \u00c8 delle scorse settimane l\u2019ulteriore dramma legato all\u2019Ilva. Un Paese affamato d\u2019acciaio per la sua manifattura lascia l\u2019impianto siderurgico, che vantava una primazia europea, in situazione di stallo, a voler essere cauti.<\/p>\n\n\n\n<p>Non c\u2019\u00e8 dubbio alcuno che la via regia dell\u2019equit\u00e0 passa dalla redistribuzione della ricchezza, ma una crescita del Pil che veleggia attorno allo 0,6% non lascia granch\u00e9 adito alla speranza.<\/p>\n\n\n\n<p>Bene il prelievo di 11 miliardi su banche e intermediari finanziari, pur nel dubbio che tali imposte non finiscano poi per alimentare gli oneri dei risparmiatori. Ma al netto di ci\u00f2, quanto necessita \u00e8 una politica capace di dar vita a una realt\u00e0 finanziaria sempre pi\u00f9 funzionale all\u2019implementazione progettuale, in grado di alimentare l\u2019innovazione e sostenere le imprese alla ricerca di pi\u00f9 ampi spazi sui mercati internazionali, che la nefasta politica trumpiana dei dazi ha reso ancor pi\u00f9 vitale ma a un tempo pi\u00f9 complicata.<\/p>\n\n\n\n<p>Ma di questo non c\u2019\u00e8 traccia nel dibattito politico, e tantomeno nei profili tracciati dai testi della finanziaria prossima ventura.<\/p>\n\n\n\n<p>Ancora, per la Cisl necessita con forza un passaggio deciso dalla finanziarizzazione del mercato all\u2019economia reale. Ad esempio uno scambio economico fra un risparmio collettivo gestito dai lavoratori stessi a garanzia della stabilit\u00e0 di <em>governance<\/em> dell\u2019impresa, che a sua volta promuove investimenti per uno sviluppo a lungo termine sostenibile sul piano sociale ed ecologico, capace quindi di alimentare anche una necessaria solidariet\u00e0 tra le generazioni.<\/p>\n\n\n\n<p>Non si tratta qui di effettuare solo qualche aggiustamento occasionale, ma di ripensare assieme obiettivi, strumenti e modalit\u00e0 all\u2019insegna della condivisione e dell\u2019assunzione di responsabilit\u00e0. La partecipazione \u00e8 lo strumento non solo per arginare le forme di populismo, ma anche per prevenire e ricomporre il conflitto sociale. Con la legge 76\/2025, fortemente voluta dalla Cisl, ci\u00f2 \u00e8 oggi almeno in parte possibile Sarebbe a nostro avviso una rivoluzione economica, sociale e anche culturale per il nostro Paese.<\/p>\n\n\n\n<p>Il <em>cahier de dol\u00e9ances<\/em> \u00e8 arcinoto: invecchiamento demografico, dimensioni aziendali ridotte, innovazione e investimenti scarsi, bassa produttivit\u00e0, una \u2018buropoli\u2019 insostenibile, sistema giudiziario sempre prossimo al collasso. Il tutto condito da un debito pubblico stabilmente attestato sopra i tremila miliardi di euro.<\/p>\n\n\n\n<p>La legge di Bilancio approdata in Parlamento \u00e8 decisamente a bassa intensit\u00e0, con il contenimento del passivo di bilancio, riconosciuto anche dalla Commissione europea, tra i pochi punti di forza. Investimenti pubblici non certo di rilievo, dal momento che sono previsti al 3,8% del Pil, e di analoga scarsit\u00e0 gli incentivi ai privati. Certo abbasseremo il deficit, faremo margine al debito, ci appunteremo medaglie e altre promozioni dalle agenzie di rating veleggiando nelle acque della crescita prossima allo zero.<\/p>\n\n\n\n<p>In estrema sintesi, non ci basta una manovra che guarda al rigore dei conti se poi le misure che mette in campo risultano del tutto insufficienti per promuovere lo sviluppo. E\u2019 un mero giudizio di fatto, non certo ideologico asserire che l\u2019Esecutivo si sta trincerando a difesa dello <em>status quo<\/em>.<\/p>\n\n\n\n<p>Investire in infrastrutture materiali e immateriali sarebbe invece garanzia anche per la ripresa della crescita dei salari, che richiedono per converso la chiusura dei contratti, come avvenuto per i metalmeccanici dopo 17 mesi di dure trattative.<\/p>\n\n\n\n<p>Liberare il sistema produttivo dai troppi vincoli e oneri burocratici da un lato ma anche un massiccio investimento per favorire la qualit\u00e0 del lavoro. Investire dunque sulla qualit\u00e0 dei sistemi di istruzione, sia per offrire alle persone gli strumenti adattivi pi\u00f9 idonei per fronteggiare ai cambiamenti imposti dallo sviluppo tecnologico, garantendo contemporaneamente al sistema produttivo la ricomposizione del cosiddetto <em>skill mismatch<\/em>, ovvero il disallineamento tra la domanda e l\u2019offerta di lavoro.<\/p>\n\n\n\n<p>Nondimeno deve essere chiaro a tutti, specie al mondo dell\u2019impresa, che un incremento delle competenze, anzitutto digitali, deve coniugarsi alla valorizzazione del capitale umano di cui \u00e8 latore chi entra nel mercato del lavoro. Una politica aziendale di riduzione di costo a discapito della produzione di valore non \u00e8 accettabile e porta alla precarizzazione delle vite dei giovani, senza migliorare produttivit\u00e0 e competitivit\u00e0. Analoga considerazione pu\u00f2 essere svolta anche per la condizione delle donne lavoratrici, laddove tutti i dati confermano che sono penalizzate soprattutto dalla difficile conciliazione dei tempi di vita e di lavoro. \u00c8 questa difficolt\u00e0 che contribuisce a mantenere la quota di occupazione femminile (meno del 50%) al di sotto delle medie europee (a Lecco nel 2024 la richiesta del mercato del lavoro in termine di genere \u00e8 stata del 20,6% per le donne a fronte del 35,1% per i maschi).<\/p>\n\n\n\n<p>Uno sguardo alle recenti previsioni occupazionali fa insorgere fondati timori anche nel nostro territorio. Sintomi negativi traspaiono infatti dai dati offerti dal Sistema Informativo Excelsior che, sia su Monza Brianza che su Lecco, ci presenta un conto in negativo degli ingressi rispetto a novembre 2024 (-130 Monza Brianza, -70 Lecco). Il dato \u00e8 affiancato da altre criticit\u00e0: meno di un terzo delle entrate previste saranno stabili, ossia con un contratto a tempo indeterminato o di apprendistato, mentre nel 70% dei casi saranno a termine (a tempo determinato o altri contratti con durata predefinita). Permane inoltre il disallineamento tra domanda e offerta, tanto che le imprese prevedono di avere difficolt\u00e0 a trovare i profili desiderati nel 50% delle ricerche. Su questo dato, ne siamo convinti, incide fortemente, anche se non solo, la componente salariale. Va ribadito: la crescita salariale non pu\u00f2 pi\u00f9 essere tema di discussione accademiche, deve avere un riscontro contrattuale forte.<\/p>\n\n\n\n<p>Un Paese senza prospettive di futuro \u00e8 un Paese in agonia. E la prospettiva per un Paese capace di assumere il futuro come dimensione costitutiva \u00e8 data dalla capacit\u00e0 di rendere protagonisti della sua economia donne e giovani.<\/p>\n\n\n\n<figure class=\"wp-block-image size-large is-resized\"><img loading=\"lazy\" decoding=\"async\" width=\"683\" height=\"1024\" src=\"https:\/\/www.monzalecco.lombardia.cisl.it\/wp-content\/uploads\/2025\/12\/mircoScaccabarozzi-2025-683x1024.jpg\" alt=\"\" class=\"wp-image-18685\" style=\"width:554px;height:auto\" srcset=\"https:\/\/www.monzalecco.lombardia.cisl.it\/wp-content\/uploads\/2025\/12\/mircoScaccabarozzi-2025-683x1024.jpg 683w, https:\/\/www.monzalecco.lombardia.cisl.it\/wp-content\/uploads\/2025\/12\/mircoScaccabarozzi-2025-200x300.jpg 200w, https:\/\/www.monzalecco.lombardia.cisl.it\/wp-content\/uploads\/2025\/12\/mircoScaccabarozzi-2025-768x1152.jpg 768w, https:\/\/www.monzalecco.lombardia.cisl.it\/wp-content\/uploads\/2025\/12\/mircoScaccabarozzi-2025-1024x1536.jpg 1024w, https:\/\/www.monzalecco.lombardia.cisl.it\/wp-content\/uploads\/2025\/12\/mircoScaccabarozzi-2025.jpg 1067w\" sizes=\"auto, (max-width: 683px) 100vw, 683px\" \/><\/figure>\n","protected":false},"excerpt":{"rendered":"<p>L&#8217;analisi di Mirco Scaccabarozzi, Segretario Generale CISL Monza Brianza Lecco Se, come vuole l\u2019Istat, il Pil nell\u2019anno corrente si attester\u00e0 allo 0,6% per salire allo 0,8% nel 2026, il raffronto con altre realt\u00e0, e limitiamoci al campo europeo, induce forte perplessit\u00e0 e insieme preoccupazione. La Spagna, ad esempio, nel solo 2025 raggiunger\u00e0 una crescita doppia [&hellip;]<\/p>\n","protected":false},"author":5,"featured_media":18534,"comment_status":"closed","ping_status":"open","sticky":false,"template":"","format":"standard","meta":{"footnotes":""},"categories":[1],"tags":[],"class_list":{"0":"post-18684","1":"post","2":"type-post","3":"status-publish","4":"format-standard","5":"has-post-thumbnail","7":"category-notizie","8":"czr-hentry"},"_links":{"self":[{"href":"https:\/\/www.monzalecco.lombardia.cisl.it\/index.php?rest_route=\/wp\/v2\/posts\/18684","targetHints":{"allow":["GET"]}}],"collection":[{"href":"https:\/\/www.monzalecco.lombardia.cisl.it\/index.php?rest_route=\/wp\/v2\/posts"}],"about":[{"href":"https:\/\/www.monzalecco.lombardia.cisl.it\/index.php?rest_route=\/wp\/v2\/types\/post"}],"author":[{"embeddable":true,"href":"https:\/\/www.monzalecco.lombardia.cisl.it\/index.php?rest_route=\/wp\/v2\/users\/5"}],"replies":[{"embeddable":true,"href":"https:\/\/www.monzalecco.lombardia.cisl.it\/index.php?rest_route=%2Fwp%2Fv2%2Fcomments&post=18684"}],"version-history":[{"count":1,"href":"https:\/\/www.monzalecco.lombardia.cisl.it\/index.php?rest_route=\/wp\/v2\/posts\/18684\/revisions"}],"predecessor-version":[{"id":18686,"href":"https:\/\/www.monzalecco.lombardia.cisl.it\/index.php?rest_route=\/wp\/v2\/posts\/18684\/revisions\/18686"}],"wp:featuredmedia":[{"embeddable":true,"href":"https:\/\/www.monzalecco.lombardia.cisl.it\/index.php?rest_route=\/wp\/v2\/media\/18534"}],"wp:attachment":[{"href":"https:\/\/www.monzalecco.lombardia.cisl.it\/index.php?rest_route=%2Fwp%2Fv2%2Fmedia&parent=18684"}],"wp:term":[{"taxonomy":"category","embeddable":true,"href":"https:\/\/www.monzalecco.lombardia.cisl.it\/index.php?rest_route=%2Fwp%2Fv2%2Fcategories&post=18684"},{"taxonomy":"post_tag","embeddable":true,"href":"https:\/\/www.monzalecco.lombardia.cisl.it\/index.php?rest_route=%2Fwp%2Fv2%2Ftags&post=18684"}],"curies":[{"name":"wp","href":"https:\/\/api.w.org\/{rel}","templated":true}]}}