{"id":18687,"date":"2025-12-03T17:11:24","date_gmt":"2025-12-03T16:11:24","guid":{"rendered":"https:\/\/www.monzalecco.lombardia.cisl.it\/?p=18687"},"modified":"2025-12-03T17:23:11","modified_gmt":"2025-12-03T16:23:11","slug":"qvc-brugherio","status":"publish","type":"post","link":"https:\/\/www.monzalecco.lombardia.cisl.it\/?p=18687","title":{"rendered":"QVC Brugherio"},"content":{"rendered":"\n<p><strong>Mattinata di protesta davanti ai cancelli dell&#8217;azienda<\/strong><\/p>\n\n\n\n<p>Sciopero con presidio questa mattina davanti ai cancelli del sito QVC di Brugherio contro il licenziamento delle ultime 4 Presenter dipendenti dirette.<\/p>\n\n\n\n<p>I lavoratori e le lavoratrici hanno aderito allo sciopero tanto che questa questa mattina il canale tv ha mandato in onda delle registrazioni invece della consueta diretta.<\/p>\n\n\n\n<p>Forte l\u2019amarezza per il trattamento riservato da QVC a lavoratrici che sono state per anni i volti pubblici dell\u2019azienda, come sottolineato da Chiara Contu Farci, delegata sindacale Fistel CISL e Presenter QVC da 15 anni. Un licenziamento con effetto immediato, senza margine di trattativa. Senza neppure informare i Sindacati della decisione.<\/p>\n\n\n\n<p>Presenti al presidio i dirigenti sindacali della CISL territoriale e della Fistel Cisl Regionale: il Segretario Generale FISTEL Lombardia, Marco Mariotti, l\u2019operatore della Fistel nazionale Alessandro Furiosi, e l\u2019operatore delle Fistel Milano, Michele Piccinni. Grande solidariet\u00e0 alle lavoratrici \u00e8 stata espressa anche dalla RSU Mediaset della FISTEL CISL che si \u00e8 unita alla protesta al fianco dei lavoratori QVC.<\/p>\n\n\n\n<figure class=\"wp-block-embed is-type-video is-provider-youtube wp-block-embed-youtube wp-embed-aspect-16-9 wp-has-aspect-ratio\"><div class=\"wp-block-embed__wrapper\">\n<iframe loading=\"lazy\" title=\"QVC Brugherio: presidio dei lavoratori dopo il licenziamento di 4 presenter\" width=\"1140\" height=\"641\" src=\"https:\/\/www.youtube.com\/embed\/brWgzXtcMiA?feature=oembed\" frameborder=\"0\" allow=\"accelerometer; autoplay; clipboard-write; encrypted-media; gyroscope; picture-in-picture; web-share\" referrerpolicy=\"strict-origin-when-cross-origin\" allowfullscreen><\/iframe>\n<\/div><\/figure>\n\n\n\n<figure class=\"wp-block-image size-large\"><img loading=\"lazy\" decoding=\"async\" width=\"1024\" height=\"768\" src=\"https:\/\/www.monzalecco.lombardia.cisl.it\/wp-content\/uploads\/2025\/12\/IMG_3576-1024x768.jpg\" alt=\"\" class=\"wp-image-18694\" srcset=\"https:\/\/www.monzalecco.lombardia.cisl.it\/wp-content\/uploads\/2025\/12\/IMG_3576-1024x768.jpg 1024w, https:\/\/www.monzalecco.lombardia.cisl.it\/wp-content\/uploads\/2025\/12\/IMG_3576-300x225.jpg 300w, https:\/\/www.monzalecco.lombardia.cisl.it\/wp-content\/uploads\/2025\/12\/IMG_3576-768x576.jpg 768w, https:\/\/www.monzalecco.lombardia.cisl.it\/wp-content\/uploads\/2025\/12\/IMG_3576-1536x1152.jpg 1536w, https:\/\/www.monzalecco.lombardia.cisl.it\/wp-content\/uploads\/2025\/12\/IMG_3576-2048x1536.jpg 2048w\" sizes=\"auto, (max-width: 1024px) 100vw, 1024px\" \/><\/figure>\n\n\n\n<figure class=\"wp-block-image size-large\"><img loading=\"lazy\" decoding=\"async\" width=\"1024\" height=\"576\" src=\"https:\/\/www.monzalecco.lombardia.cisl.it\/wp-content\/uploads\/2025\/12\/IMG_3577-1024x576.jpg\" alt=\"\" class=\"wp-image-18696\" srcset=\"https:\/\/www.monzalecco.lombardia.cisl.it\/wp-content\/uploads\/2025\/12\/IMG_3577-1024x576.jpg 1024w, https:\/\/www.monzalecco.lombardia.cisl.it\/wp-content\/uploads\/2025\/12\/IMG_3577-300x169.jpg 300w, https:\/\/www.monzalecco.lombardia.cisl.it\/wp-content\/uploads\/2025\/12\/IMG_3577-768x432.jpg 768w, https:\/\/www.monzalecco.lombardia.cisl.it\/wp-content\/uploads\/2025\/12\/IMG_3577-1536x864.jpg 1536w, https:\/\/www.monzalecco.lombardia.cisl.it\/wp-content\/uploads\/2025\/12\/IMG_3577-2048x1152.jpg 2048w, https:\/\/www.monzalecco.lombardia.cisl.it\/wp-content\/uploads\/2025\/12\/IMG_3577-1110x624.jpg 1110w, https:\/\/www.monzalecco.lombardia.cisl.it\/wp-content\/uploads\/2025\/12\/IMG_3577-528x297.jpg 528w\" sizes=\"auto, (max-width: 1024px) 100vw, 1024px\" \/><\/figure>\n","protected":false},"excerpt":{"rendered":"<p>Mattinata di protesta davanti ai cancelli dell&#8217;azienda Sciopero con presidio questa mattina davanti ai cancelli del sito QVC di Brugherio contro il licenziamento delle ultime 4 Presenter dipendenti dirette. I lavoratori e le lavoratrici hanno aderito allo sciopero tanto che questa questa mattina il canale tv ha mandato in onda delle registrazioni invece della consueta [&hellip;]<\/p>\n","protected":false},"author":5,"featured_media":18695,"comment_status":"closed","ping_status":"open","sticky":false,"template":"","format":"standard","meta":{"footnotes":""},"categories":[1],"tags":[],"class_list":{"0":"post-18687","1":"post","2":"type-post","3":"status-publish","4":"format-standard","5":"has-post-thumbnail","7":"category-notizie","8":"czr-hentry"},"_links":{"self":[{"href":"https:\/\/www.monzalecco.lombardia.cisl.it\/index.php?rest_route=\/wp\/v2\/posts\/18687","targetHints":{"allow":["GET"]}}],"collection":[{"href":"https:\/\/www.monzalecco.lombardia.cisl.it\/index.php?rest_route=\/wp\/v2\/posts"}],"about":[{"href":"https:\/\/www.monzalecco.lombardia.cisl.it\/index.php?rest_route=\/wp\/v2\/types\/post"}],"author":[{"embeddable":true,"href":"https:\/\/www.monzalecco.lombardia.cisl.it\/index.php?rest_route=\/wp\/v2\/users\/5"}],"replies":[{"embeddable":true,"href":"https:\/\/www.monzalecco.lombardia.cisl.it\/index.php?rest_route=%2Fwp%2Fv2%2Fcomments&post=18687"}],"version-history":[{"count":5,"href":"https:\/\/www.monzalecco.lombardia.cisl.it\/index.php?rest_route=\/wp\/v2\/posts\/18687\/revisions"}],"predecessor-version":[{"id":18697,"href":"https:\/\/www.monzalecco.lombardia.cisl.it\/index.php?rest_route=\/wp\/v2\/posts\/18687\/revisions\/18697"}],"wp:featuredmedia":[{"embeddable":true,"href":"https:\/\/www.monzalecco.lombardia.cisl.it\/index.php?rest_route=\/wp\/v2\/media\/18695"}],"wp:attachment":[{"href":"https:\/\/www.monzalecco.lombardia.cisl.it\/index.php?rest_route=%2Fwp%2Fv2%2Fmedia&parent=18687"}],"wp:term":[{"taxonomy":"category","embeddable":true,"href":"https:\/\/www.monzalecco.lombardia.cisl.it\/index.php?rest_route=%2Fwp%2Fv2%2Fcategories&post=18687"},{"taxonomy":"post_tag","embeddable":true,"href":"https:\/\/www.monzalecco.lombardia.cisl.it\/index.php?rest_route=%2Fwp%2Fv2%2Ftags&post=18687"}],"curies":[{"name":"wp","href":"https:\/\/api.w.org\/{rel}","templated":true}]}}