{"id":18701,"date":"2025-12-04T17:15:56","date_gmt":"2025-12-04T16:15:56","guid":{"rendered":"https:\/\/www.monzalecco.lombardia.cisl.it\/?p=18701"},"modified":"2025-12-04T17:16:00","modified_gmt":"2025-12-04T16:16:00","slug":"benessere-dei-caregiver-famigliari","status":"publish","type":"post","link":"https:\/\/www.monzalecco.lombardia.cisl.it\/?p=18701","title":{"rendered":"BENESSERE DEI CAREGIVER FAMIGLIARI"},"content":{"rendered":"\n<p><strong>In Brianza oltre 62.000 persone sono assistite da un caregiver.<\/strong><\/p>\n\n\n\n<p><strong>La FNP PENSIONATI CISL forma i suoi sportellisti cos\u00ec che possano fornire loro ascolto e supporto<\/strong><\/p>\n\n\n\n<p><strong><em>\u201cPrendersi cura di chi cura, riflessioni sul benessere del caregiver familiare<\/em><\/strong>\u201d \u00e8 il titolo dell\u2019incontro formativo che si \u00e8 tenuto lo scorso 2 dicembre 2025 al Palataurus di Lecco e che ha coinvolto i volontari degli sportelli sociali e previdenziali e le componenti del coordinamento politiche di genere dei Pensionati Cisl Monza Brianza Lecco.<\/p>\n\n\n\n<p>L\u2019obiettivo? Fornire agli operatori che ogni giorno incontrano i caregiver famigliari gli strumenti necessari per supportare il loro ruolo, sempre pi\u00f9 prezioso in una societ\u00e0 che invecchia a ritmi vertiginosi e che fanno risparmiare miliardi di euro al sistema sanitario nazionale. Si stima che in Italia il lavoro dei caregiver, gratuito e costante, abbia un valore economico tra il 2,5 e il 3% del Pil.<\/p>\n\n\n\n<p>Secondo i numeri forniti durante l\u2019incontro dalla dott.ssa Stefania Bolis di ATS Brianza, nel nostro territorio le persone affiancate dai caregiver sono oltre 62.000. \u201cE\u2019 un compito gravoso\u201d ha commentato la dottoressa \u201cche si ripercuote sull\u2019intero gruppo familiare, poich\u00e9 richiede una riorganizzazione dei tempi di vita, delle risorse umane ed economiche di tutti i membri della famiglia ma senza di loro il sistema sanitario andrebbe in tilt\u201d.<\/p>\n\n\n\n<p>\u201cUn ruolo prezioso\u201d, prosegue la dottoressa \u201ctanto che ATS Brianza si \u00e8 dotata di uno strumento finalizzato al supporto dei caregiver: il portale <a href=\"http:\/\/www.assistereinfamiglia.org\/\"><em>www.assistereinfamiglia.org<\/em><\/a>\u201d. Il sito internet costituisce una guida completa ai Servizi del sistema sociosanitario della Brianza e, nel contempo, approfondisce le principali patologie invalidanti e fornisce consigli utili a gestire il quotidiano.<\/p>\n\n\n\n<p>Il Dottor Alberto Longhi, psicoterapeuta della RSA <em>La Madonnina<\/em> di Vendrogno ha focalizzato il suo intervento sulla situazione dei malati di demenza e sul carico di sofferenza dei loro caregiver familiari. \u201cEntrambi vivono l\u2019esperienza di una perdita di identit\u00e0, poich\u00e9 ci\u00f2 che si frantuma \u00e8 la relazione\u201d ha spiegato Longhi. <em>\u201cTale esperienza pu\u00f2 essere devastante e determinare il cosiddetto \u201cburnout\u201d cio\u00e8 la perdita del proprio equilibrio emotivo e psicologico a causa dello stress<\/em>. <em>Altrettanto difficile \u00e8 accettare di essere impotenti e inadeguati di fronte al progredire della malattia \u00e8 molto difficile\u201d.&nbsp;<\/em><\/p>\n\n\n\n<p>Alberto Calori dell\u2019associazione \u201cFelicemente segui l\u2019onda alzheimer\u201d di Carate Brianza, e Fabio Crimella coordinatore di \u201cLaser\u201d, centro diurno per anziani, hanno raccontato ci\u00f2 che le rispettive associazioni fanno nel territorio di appartenenza per agevolare una cultura di accoglienza e inclusione dei malati di demenza che favorisca lo sviluppo di reti di supporto.<\/p>\n\n\n\n<p>\u201cLe riflessioni portate dagli esperti\u201d ha spiegato Caterina Valsecchi, Segretaria FNP CISL Monza Brianza Lecco \u201cci hanno permesso di comprendere che quando queste persone arrivano ai nostri sportelli non hanno solo bisogno di un aiuto operativo nello svolgere le pratiche necessarie per il loro assistito ma hanno anche e soprattutto bisogno di scaricare emozioni e fatiche\u201d.<\/p>\n\n\n\n<p>\u201cI nostri operatori hanno potuto comprendere come possono essere di sostegno ai caregiver oltre che per le pratiche anche con l\u2019ascolto del bagaglio emotivo che il caregiver si porta dietro\u201d ha concluso la dirigente sindacale.<\/p>\n\n\n\n<figure class=\"wp-block-image size-large\"><img loading=\"lazy\" decoding=\"async\" width=\"1024\" height=\"768\" src=\"https:\/\/www.monzalecco.lombardia.cisl.it\/wp-content\/uploads\/2025\/12\/PHOTO-2025-12-04-17-00-06-2-1024x768.jpg\" alt=\"\" class=\"wp-image-18702\" srcset=\"https:\/\/www.monzalecco.lombardia.cisl.it\/wp-content\/uploads\/2025\/12\/PHOTO-2025-12-04-17-00-06-2-1024x768.jpg 1024w, https:\/\/www.monzalecco.lombardia.cisl.it\/wp-content\/uploads\/2025\/12\/PHOTO-2025-12-04-17-00-06-2-300x225.jpg 300w, https:\/\/www.monzalecco.lombardia.cisl.it\/wp-content\/uploads\/2025\/12\/PHOTO-2025-12-04-17-00-06-2-768x576.jpg 768w, https:\/\/www.monzalecco.lombardia.cisl.it\/wp-content\/uploads\/2025\/12\/PHOTO-2025-12-04-17-00-06-2-1536x1152.jpg 1536w, https:\/\/www.monzalecco.lombardia.cisl.it\/wp-content\/uploads\/2025\/12\/PHOTO-2025-12-04-17-00-06-2.jpg 1600w\" sizes=\"auto, (max-width: 1024px) 100vw, 1024px\" \/><\/figure>\n","protected":false},"excerpt":{"rendered":"<p>In Brianza oltre 62.000 persone sono assistite da un caregiver. La FNP PENSIONATI CISL forma i suoi sportellisti cos\u00ec che possano fornire loro ascolto e supporto \u201cPrendersi cura di chi cura, riflessioni sul benessere del caregiver familiare\u201d \u00e8 il titolo dell\u2019incontro formativo che si \u00e8 tenuto lo scorso 2 dicembre 2025 al Palataurus di Lecco [&hellip;]<\/p>\n","protected":false},"author":5,"featured_media":18702,"comment_status":"closed","ping_status":"open","sticky":false,"template":"","format":"standard","meta":{"footnotes":""},"categories":[1],"tags":[],"class_list":{"0":"post-18701","1":"post","2":"type-post","3":"status-publish","4":"format-standard","5":"has-post-thumbnail","7":"category-notizie","8":"czr-hentry"},"_links":{"self":[{"href":"https:\/\/www.monzalecco.lombardia.cisl.it\/index.php?rest_route=\/wp\/v2\/posts\/18701","targetHints":{"allow":["GET"]}}],"collection":[{"href":"https:\/\/www.monzalecco.lombardia.cisl.it\/index.php?rest_route=\/wp\/v2\/posts"}],"about":[{"href":"https:\/\/www.monzalecco.lombardia.cisl.it\/index.php?rest_route=\/wp\/v2\/types\/post"}],"author":[{"embeddable":true,"href":"https:\/\/www.monzalecco.lombardia.cisl.it\/index.php?rest_route=\/wp\/v2\/users\/5"}],"replies":[{"embeddable":true,"href":"https:\/\/www.monzalecco.lombardia.cisl.it\/index.php?rest_route=%2Fwp%2Fv2%2Fcomments&post=18701"}],"version-history":[{"count":1,"href":"https:\/\/www.monzalecco.lombardia.cisl.it\/index.php?rest_route=\/wp\/v2\/posts\/18701\/revisions"}],"predecessor-version":[{"id":18703,"href":"https:\/\/www.monzalecco.lombardia.cisl.it\/index.php?rest_route=\/wp\/v2\/posts\/18701\/revisions\/18703"}],"wp:featuredmedia":[{"embeddable":true,"href":"https:\/\/www.monzalecco.lombardia.cisl.it\/index.php?rest_route=\/wp\/v2\/media\/18702"}],"wp:attachment":[{"href":"https:\/\/www.monzalecco.lombardia.cisl.it\/index.php?rest_route=%2Fwp%2Fv2%2Fmedia&parent=18701"}],"wp:term":[{"taxonomy":"category","embeddable":true,"href":"https:\/\/www.monzalecco.lombardia.cisl.it\/index.php?rest_route=%2Fwp%2Fv2%2Fcategories&post=18701"},{"taxonomy":"post_tag","embeddable":true,"href":"https:\/\/www.monzalecco.lombardia.cisl.it\/index.php?rest_route=%2Fwp%2Fv2%2Ftags&post=18701"}],"curies":[{"name":"wp","href":"https:\/\/api.w.org\/{rel}","templated":true}]}}