{"id":18712,"date":"2025-12-10T16:28:35","date_gmt":"2025-12-10T15:28:35","guid":{"rendered":"https:\/\/www.monzalecco.lombardia.cisl.it\/?p=18712"},"modified":"2025-12-10T16:28:37","modified_gmt":"2025-12-10T15:28:37","slug":"st-microelectronics-presidio-e-sciopero-il-16-dicembre","status":"publish","type":"post","link":"https:\/\/www.monzalecco.lombardia.cisl.it\/?p=18712","title":{"rendered":"ST Microelectronics: presidio e sciopero il 16 dicembre"},"content":{"rendered":"\n<p>Le lavoratrici ed i lavoratori di ST in Agrate Brianza sono ancora in attesa di una risposta<br>alle loro richieste di garantire un futuro al sito con la salvaguardia dell\u2019occupazione e la<br>costruzione di impianti avanzati in linea con l\u2019industria dei semiconduttori.<br><br>L\u2019azienda e i suoi dirigenti se da un lato hanno ritirato formalmente i quasi 1800<br>esuberi del piano 2025-27 e si sono dimostrati favorevoli ad implementare una seconda<br>fase di espansione, dall\u2019altro lato continuano a mettere in pratica ostinatamente tutte le<br>azioni che porteranno di qui ad un anno alla chiusura di AG8 ed EWS. <br>Durante l\u2019ultimo incontro al MIMIT il 10 novembre i rappresentanti della RSU di Agrate sono rimasti profondamente delusi perch\u00e9 le proposte avanzate, tutte relative al periodo 2028-32,<br>presentate in forma verbale e prive di dettagli su stanziamenti economici, continuano a prevedere una riduzione significativa di postazioni lavorative.<br>Attualmente in AG200 e EWS lavorano pi\u00f9 di 2.200 persone, in R3 550. A fine 2027<br>secondo le dichiarazioni del QMT manager, ci saranno 1100 persone in R3, che diventeranno 1600 al termine dell\u2019ulteriore espansione della linea a 300mm nel 2032 e solo a condizione che vengano stanziati 2 miliardi di finanziamenti pubblici a sostegno dell\u2019eventuale progetto che verr\u00e0 presentato al board di ST.<br><br>Pur considerando il perdurare di AG200 limitatamente a R2 \u00e8 chiaro che i conti non<br>tornano, considerando perdipi\u00f9 che l\u2019azienda ha affermato che non tutti i lavoratori<br>saranno ricollocabili nelle nuove postazioni lavorative a 300mm.<br><br><strong>Per questi motivi le RSU unitarie di Agrate Brianza hanno indetto uno sciopero di un&#8217;ora e un presidio per la giornata del 16 dicembre per chiedere:<br>&#8211; la riconvocazione entro dicembre del tavolo per Agrate al MIMIT<br>&#8211; l\u2019analisi del documento rivendicativo prodotto dalla RSU a fine settembre che prevede<br>una sostanziale modifica del piano industriale 2025-2027<br>&#8211; il blocco immediato delle attivit\u00e0 di spegnimento e trasferimento macchine di AG8 ed<br>EWS<br>&#8211; il piano industriale dettagliato e ufficiale 2028-32 che verr\u00e0 proposto al board di ST.<\/strong><\/p>\n","protected":false},"excerpt":{"rendered":"<p>Le lavoratrici ed i lavoratori di ST in Agrate Brianza sono ancora in attesa di una rispostaalle loro richieste di garantire un futuro al sito con la salvaguardia dell\u2019occupazione e lacostruzione di impianti avanzati in linea con l\u2019industria dei semiconduttori. L\u2019azienda e i suoi dirigenti se da un lato hanno ritirato formalmente i quasi 1800esuberi [&hellip;]<\/p>\n","protected":false},"author":5,"featured_media":14676,"comment_status":"closed","ping_status":"open","sticky":false,"template":"","format":"standard","meta":{"footnotes":""},"categories":[1],"tags":[],"class_list":{"0":"post-18712","1":"post","2":"type-post","3":"status-publish","4":"format-standard","5":"has-post-thumbnail","7":"category-notizie","8":"czr-hentry"},"_links":{"self":[{"href":"https:\/\/www.monzalecco.lombardia.cisl.it\/index.php?rest_route=\/wp\/v2\/posts\/18712","targetHints":{"allow":["GET"]}}],"collection":[{"href":"https:\/\/www.monzalecco.lombardia.cisl.it\/index.php?rest_route=\/wp\/v2\/posts"}],"about":[{"href":"https:\/\/www.monzalecco.lombardia.cisl.it\/index.php?rest_route=\/wp\/v2\/types\/post"}],"author":[{"embeddable":true,"href":"https:\/\/www.monzalecco.lombardia.cisl.it\/index.php?rest_route=\/wp\/v2\/users\/5"}],"replies":[{"embeddable":true,"href":"https:\/\/www.monzalecco.lombardia.cisl.it\/index.php?rest_route=%2Fwp%2Fv2%2Fcomments&post=18712"}],"version-history":[{"count":1,"href":"https:\/\/www.monzalecco.lombardia.cisl.it\/index.php?rest_route=\/wp\/v2\/posts\/18712\/revisions"}],"predecessor-version":[{"id":18713,"href":"https:\/\/www.monzalecco.lombardia.cisl.it\/index.php?rest_route=\/wp\/v2\/posts\/18712\/revisions\/18713"}],"wp:featuredmedia":[{"embeddable":true,"href":"https:\/\/www.monzalecco.lombardia.cisl.it\/index.php?rest_route=\/wp\/v2\/media\/14676"}],"wp:attachment":[{"href":"https:\/\/www.monzalecco.lombardia.cisl.it\/index.php?rest_route=%2Fwp%2Fv2%2Fmedia&parent=18712"}],"wp:term":[{"taxonomy":"category","embeddable":true,"href":"https:\/\/www.monzalecco.lombardia.cisl.it\/index.php?rest_route=%2Fwp%2Fv2%2Fcategories&post=18712"},{"taxonomy":"post_tag","embeddable":true,"href":"https:\/\/www.monzalecco.lombardia.cisl.it\/index.php?rest_route=%2Fwp%2Fv2%2Ftags&post=18712"}],"curies":[{"name":"wp","href":"https:\/\/api.w.org\/{rel}","templated":true}]}}