{"id":18770,"date":"2026-01-19T10:20:41","date_gmt":"2026-01-19T09:20:41","guid":{"rendered":"https:\/\/www.monzalecco.lombardia.cisl.it\/?p=18770"},"modified":"2026-01-19T10:20:41","modified_gmt":"2026-01-19T09:20:41","slug":"presidio-in-sostegno-del-popolo-iraniano","status":"publish","type":"post","link":"https:\/\/www.monzalecco.lombardia.cisl.it\/?p=18770","title":{"rendered":"Presidio in sostegno del popolo iraniano"},"content":{"rendered":"\n<p><strong>Mercoled\u00ec 21 gennaio alle ore 18.00 in piazza Diaz a Lecco<\/strong><\/p>\n\n\n\n<p>La CISL Monza Brianza Lecco ha aderito all&#8217;iniziativa organizzata da ANPI Lecco in sostegno al popolo iraniano <strong>&#8220;Appello per la libert\u00e0 e la democrazia in Iran&#8221;<\/strong><\/p>\n\n\n\n<p><br><strong><em>L&#8217;APPELLO\u00a0di ANPI LECCO<\/em><\/strong><br>\u00a0<br>La societ\u00e0 civile italiana \u00e8 chiamata a mobilitarsi in difesa dei valori universali di libert\u00e0 e democrazia.\u00a0Come Anpi Provinciale Lecco vi proponiamo per\u00a0Mercoled\u00ec\u00a021\u00a0gennaio, alle 18.00 in piazza\u00a0Diaz\u00a0a Lecco, un\u00a0Presidio\u00a0per sostenere il popolo iraniano, utilizzando il comunicato gi\u00e0\u00a0diffuso\u00a0per la manifestazione di Roma\u00a0del 16 gennaio\u00a0(ed altre analoghe sul territorio nazionale), promossa da\u00a0Amnesty International e Woman Life Freedom for Peace and Justice.\u00a0<\/p>\n\n\n\n<p><strong><br>In Iran, uomini e donne stanno lottando pacificamente per i propri diritti fondamentali: libert\u00e0 individuali, giustizia e democrazia. Una mobilitazione per\u00a0l\u2019autodeterminazione\u00a0di un popolo pacifico che la Repubblica Islamica sta reprimendo con estrema violenza, attraverso arresti arbitrari, torture e uccisioni nelle strade del Paese. Una repressione che non pu\u00f2 lasciare indifferente la comunit\u00e0 internazionale.\u00a0<br>Con questo presidio\u00a0invitiamo\u00a0cittadine e cittadini, associazioni, movimenti e chiunque abbia a cuore i diritti umani a prendere parte a un momento pubblico di testimonianza e solidariet\u00e0, per dare voce a chi oggi viene messo a tacere.\u00a0<br>Essere presenti significa affermare che la libert\u00e0 non ha confini e che la difesa dei diritti umani \u00e8 una responsabilit\u00e0 collettiva.\u00a0Lecco pu\u00f2 essere\u00a0cos\u00ec, per un giorno, uno spazio di sostegno concreto al popolo iraniano e alla sua legittima richiesta di futuro, dignit\u00e0 e democrazia.\u00a0<\/strong><br><\/p>\n\n\n\n<figure class=\"wp-block-image size-large\"><img loading=\"lazy\" decoding=\"async\" width=\"740\" height=\"1024\" src=\"https:\/\/www.monzalecco.lombardia.cisl.it\/wp-content\/uploads\/2026\/01\/PHOTO-2026-01-19-08-57-12-740x1024.jpg\" alt=\"\" class=\"wp-image-18771\" srcset=\"https:\/\/www.monzalecco.lombardia.cisl.it\/wp-content\/uploads\/2026\/01\/PHOTO-2026-01-19-08-57-12-740x1024.jpg 740w, https:\/\/www.monzalecco.lombardia.cisl.it\/wp-content\/uploads\/2026\/01\/PHOTO-2026-01-19-08-57-12-217x300.jpg 217w, https:\/\/www.monzalecco.lombardia.cisl.it\/wp-content\/uploads\/2026\/01\/PHOTO-2026-01-19-08-57-12-768x1062.jpg 768w, https:\/\/www.monzalecco.lombardia.cisl.it\/wp-content\/uploads\/2026\/01\/PHOTO-2026-01-19-08-57-12-1111x1536.jpg 1111w, https:\/\/www.monzalecco.lombardia.cisl.it\/wp-content\/uploads\/2026\/01\/PHOTO-2026-01-19-08-57-12.jpg 1157w\" sizes=\"auto, (max-width: 740px) 100vw, 740px\" \/><\/figure>\n","protected":false},"excerpt":{"rendered":"<p>Mercoled\u00ec 21 gennaio alle ore 18.00 in piazza Diaz a Lecco La CISL Monza Brianza Lecco ha aderito all&#8217;iniziativa organizzata da ANPI Lecco in sostegno al popolo iraniano &#8220;Appello per la libert\u00e0 e la democrazia in Iran&#8221; L&#8217;APPELLO\u00a0di ANPI LECCO\u00a0La societ\u00e0 civile italiana \u00e8 chiamata a mobilitarsi in difesa dei valori universali di libert\u00e0 e [&hellip;]<\/p>\n","protected":false},"author":5,"featured_media":18771,"comment_status":"closed","ping_status":"open","sticky":false,"template":"","format":"standard","meta":{"footnotes":""},"categories":[1],"tags":[],"class_list":{"0":"post-18770","1":"post","2":"type-post","3":"status-publish","4":"format-standard","5":"has-post-thumbnail","7":"category-notizie","8":"czr-hentry"},"_links":{"self":[{"href":"https:\/\/www.monzalecco.lombardia.cisl.it\/index.php?rest_route=\/wp\/v2\/posts\/18770","targetHints":{"allow":["GET"]}}],"collection":[{"href":"https:\/\/www.monzalecco.lombardia.cisl.it\/index.php?rest_route=\/wp\/v2\/posts"}],"about":[{"href":"https:\/\/www.monzalecco.lombardia.cisl.it\/index.php?rest_route=\/wp\/v2\/types\/post"}],"author":[{"embeddable":true,"href":"https:\/\/www.monzalecco.lombardia.cisl.it\/index.php?rest_route=\/wp\/v2\/users\/5"}],"replies":[{"embeddable":true,"href":"https:\/\/www.monzalecco.lombardia.cisl.it\/index.php?rest_route=%2Fwp%2Fv2%2Fcomments&post=18770"}],"version-history":[{"count":1,"href":"https:\/\/www.monzalecco.lombardia.cisl.it\/index.php?rest_route=\/wp\/v2\/posts\/18770\/revisions"}],"predecessor-version":[{"id":18772,"href":"https:\/\/www.monzalecco.lombardia.cisl.it\/index.php?rest_route=\/wp\/v2\/posts\/18770\/revisions\/18772"}],"wp:featuredmedia":[{"embeddable":true,"href":"https:\/\/www.monzalecco.lombardia.cisl.it\/index.php?rest_route=\/wp\/v2\/media\/18771"}],"wp:attachment":[{"href":"https:\/\/www.monzalecco.lombardia.cisl.it\/index.php?rest_route=%2Fwp%2Fv2%2Fmedia&parent=18770"}],"wp:term":[{"taxonomy":"category","embeddable":true,"href":"https:\/\/www.monzalecco.lombardia.cisl.it\/index.php?rest_route=%2Fwp%2Fv2%2Fcategories&post=18770"},{"taxonomy":"post_tag","embeddable":true,"href":"https:\/\/www.monzalecco.lombardia.cisl.it\/index.php?rest_route=%2Fwp%2Fv2%2Ftags&post=18770"}],"curies":[{"name":"wp","href":"https:\/\/api.w.org\/{rel}","templated":true}]}}