{"id":2709,"date":"2018-07-12T17:52:46","date_gmt":"2018-07-12T15:52:46","guid":{"rendered":"http:\/\/www.monzalecco.lombardia.cisl.it\/?p=2709"},"modified":"2018-07-12T17:52:46","modified_gmt":"2018-07-12T15:52:46","slug":"aerosol-concordato-in-bianco","status":"publish","type":"post","link":"https:\/\/www.monzalecco.lombardia.cisl.it\/?p=2709","title":{"rendered":"Aerosol, concordato in bianco"},"content":{"rendered":"<p>L\u2019Aerosol ha presentato domanda di concordato in bianco per evitare il fallimento. Come aveva annunciato la scorsa settimana ai sindacati, Giovanni Bartoli, amministratore unico di Aerosol Service Italiana, la storica fabbrica di Valmadrera fino a sei mesi fa attiva come terzista nel settore farmaceutico, ha dato mandato ai legali della societ\u00e0 di depositare la domanda che \u00e8 stata effettivamente presentata marted\u00ec 3 luglio in modo da bloccare le istanze di fallimento presentate da alcuni ex lavoratori e tutte le richieste di pignoramento e pagamento in essere da parte di creditori. Il giudice Edmondo Tota ha deciso di accogliere la domanda di concordato dando all\u2019azienda 70 giorni di tempo per presentare il piano finanziario che dovr\u00e0 garantire sia la continuit\u00e0 aziendale, sia la copertura di una percentuale dei debiti.<\/p>\n<p>Per i lavoratori queste \u00e8 una brutta notizia. La mossa rende infatti pi\u00f9 complesso ricevere gli 8 stipendi arretrati, considerato il fatto che ogni spesa dovr\u00e0 essere autorizzata da giudice e commissario e dovr\u00e0 essere inquadrata nella situazione complessiva del concordato.<\/p>\n<p>\u00abIl concordato \u00e8 in continuit\u00e0 &#8211; spiega al quotidiano lecchese \u201cLa Provincia\u201d Massimo Ferni, Femca Cisl Mbl -, ma sulla ripresa produttiva in ogni caso restano grandi dubbi. Molti lavoratori se ne stanno andando ed \u00e8 difficile dire quanti clienti siano rimasti. Per ripartire servir\u00e0 anche l\u2019ok dell\u2019Aifa (agenzia italiana del farmaco), ma soprattutto si dovr\u00e0 immettere la liquidit\u00e0 necessaria per rimettere in funzione l\u2019azienda. Il giudice per approvare il concordato dovr\u00e0 essere convinto della sostenibilit\u00e0 di un piano che dovr\u00e0 spiegare come si intendono pagare i debiti. Mi chiedo se l\u2019affitto del ramo d\u2019azienda a una proprio newco potr\u00e0 bastare\u00bb.<\/p>\n<p>Luned\u00ec il sindacato avr\u00e0 un incontro con il Prefetto di Lecco. \u00abIn quella sede &#8211; conclude Ferni -, chiederemo che finalmente si riesca a capire chi sono i soci. Vogliamo avere un incontro con loro, capire quali sono le loro intenzioni e se realmente intendono investire nel rilancio della Aerosol\u00bb.<\/p>\n","protected":false},"excerpt":{"rendered":"<p>L\u2019Aerosol ha presentato domanda di concordato in bianco per evitare il fallimento. Come aveva annunciato la scorsa settimana ai sindacati, Giovanni Bartoli, amministratore unico di Aerosol Service Italiana, la storica fabbrica di Valmadrera fino a sei mesi fa attiva come terzista nel settore farmaceutico, ha dato mandato ai legali della societ\u00e0 di depositare la domanda [&hellip;]<\/p>\n","protected":false},"author":5,"featured_media":2710,"comment_status":"closed","ping_status":"open","sticky":false,"template":"","format":"standard","meta":{"footnotes":""},"categories":[1],"tags":[24,25,40],"class_list":{"0":"post-2709","1":"post","2":"type-post","3":"status-publish","4":"format-standard","5":"has-post-thumbnail","7":"category-notizie","8":"tag-aerosol","9":"tag-femca","10":"tag-valmadrera","11":"czr-hentry"},"_links":{"self":[{"href":"https:\/\/www.monzalecco.lombardia.cisl.it\/index.php?rest_route=\/wp\/v2\/posts\/2709","targetHints":{"allow":["GET"]}}],"collection":[{"href":"https:\/\/www.monzalecco.lombardia.cisl.it\/index.php?rest_route=\/wp\/v2\/posts"}],"about":[{"href":"https:\/\/www.monzalecco.lombardia.cisl.it\/index.php?rest_route=\/wp\/v2\/types\/post"}],"author":[{"embeddable":true,"href":"https:\/\/www.monzalecco.lombardia.cisl.it\/index.php?rest_route=\/wp\/v2\/users\/5"}],"replies":[{"embeddable":true,"href":"https:\/\/www.monzalecco.lombardia.cisl.it\/index.php?rest_route=%2Fwp%2Fv2%2Fcomments&post=2709"}],"version-history":[{"count":1,"href":"https:\/\/www.monzalecco.lombardia.cisl.it\/index.php?rest_route=\/wp\/v2\/posts\/2709\/revisions"}],"predecessor-version":[{"id":2711,"href":"https:\/\/www.monzalecco.lombardia.cisl.it\/index.php?rest_route=\/wp\/v2\/posts\/2709\/revisions\/2711"}],"wp:featuredmedia":[{"embeddable":true,"href":"https:\/\/www.monzalecco.lombardia.cisl.it\/index.php?rest_route=\/wp\/v2\/media\/2710"}],"wp:attachment":[{"href":"https:\/\/www.monzalecco.lombardia.cisl.it\/index.php?rest_route=%2Fwp%2Fv2%2Fmedia&parent=2709"}],"wp:term":[{"taxonomy":"category","embeddable":true,"href":"https:\/\/www.monzalecco.lombardia.cisl.it\/index.php?rest_route=%2Fwp%2Fv2%2Fcategories&post=2709"},{"taxonomy":"post_tag","embeddable":true,"href":"https:\/\/www.monzalecco.lombardia.cisl.it\/index.php?rest_route=%2Fwp%2Fv2%2Ftags&post=2709"}],"curies":[{"name":"wp","href":"https:\/\/api.w.org\/{rel}","templated":true}]}}