{"id":2887,"date":"2018-08-23T16:27:09","date_gmt":"2018-08-23T14:27:09","guid":{"rendered":"http:\/\/www.monzalecco.lombardia.cisl.it\/?p=2887"},"modified":"2018-08-23T16:27:09","modified_gmt":"2018-08-23T14:27:09","slug":"lecco-le-poste-assumono-15-postini","status":"publish","type":"post","link":"https:\/\/www.monzalecco.lombardia.cisl.it\/?p=2887","title":{"rendered":"Lecco, le Poste assumono 15 postini"},"content":{"rendered":"<p align=\"JUSTIFY\">Poste italiane assumeranno 15 giovani che negli ultimi mesi hanno lavorato come portalettere con contratto a tempo determinato in Provincia di Lecco. \u00abQueste prime 15 stabilizzazioni \u2013 spiega Antonio Pacifico della Segreteria Spl Cisl Mbl &#8211; sono il frutto di un accordo sindacale siglato il 13 giugno che, ad integrazione del recente rinnovo contrattuale, d\u00e0 finalmente il via a una serie di azioni positive nel quadro pi\u00f9 generale delle politiche attive del lavoro\u00bb.<\/p>\n<p align=\"JUSTIFY\">In questa prima fase accederanno i giovani colleghi che abbiano lavorato almeno 6 mesi e che a norma del Jobs Act abbiano manifestato la propria volont\u00e0 di avvalersi del diritto di precedenza nelle assunzioni a tempo indeterminato, secondo gli ordini di graduatorie redatte su base provinciale ordinate prioritariamente in ordine di anzianit\u00e0 di servizio svolto: ci sar\u00e0 quindi un premio alle professionalit\u00e0 ed esperienza acquisite da questi lavoratori.<\/p>\n<p align=\"JUSTIFY\">\u00abChiaramente \u2013 continua Pacifico &#8211; questo \u00e8 solo un primo passo per la corretta copertura dell\u2019intero organico provinciale, il cui territorio \u00e8 suddiviso in poco pi\u00f9 di 120 zone di recapito, e che continua a versare in forti difficolt\u00e0 organizzative, proprio per la mancanza di personale stabile, che si ripercuotono sulla qualit\u00e0 del servizio percepito da cittadini e aziende\u00bb.<\/p>\n<p align=\"JUSTIFY\">Ancora Pacifico: \u00abPossiamo anche affermare che tale primo risultato \u00e8 il frutto della forte caparbiet\u00e0 contrattuale espressa dal movimento sindacale postale e di tutta la categoria, che ci ha visti impegnati ad ogni livello organizzativo dal provinciale al regionale fino al nazionale gi\u00e0 nelle fasi pi\u00f9 aspre di una lunghissima vertenza culminata in due scioperi, uno lombardo del 23 maggio 2016, ed uno nazionale del 4 novembre 2016, e che ha visto finalmente il rinascere di corrette relazioni industriali indispensabili per restituire dignit\u00e0 al lavoro della categoria e dei giovani desiderosi di una stabilit\u00e0. La nostra azione non si fermer\u00e0 certo qui, perch\u00e9 non dobbiamo dimenticare che anche il settore impiegatizio degli uffici postali necessit\u00e0 di risposte alla carenza cronica di personale che genera difficolt\u00e0 enormi sia ai lavoratori che alla cittadinanza che merita un servizio costante e di qualit\u00e0\u00bb.<\/p>\n","protected":false},"excerpt":{"rendered":"<p>Poste italiane assumeranno 15 giovani che negli ultimi mesi hanno lavorato come portalettere con contratto a tempo determinato in Provincia di Lecco. \u00abQueste prime 15 stabilizzazioni \u2013 spiega Antonio Pacifico della Segreteria Spl Cisl Mbl &#8211; sono il frutto di un accordo sindacale siglato il 13 giugno che, ad integrazione del recente rinnovo contrattuale, d\u00e0 [&hellip;]<\/p>\n","protected":false},"author":5,"featured_media":2888,"comment_status":"closed","ping_status":"open","sticky":false,"template":"","format":"standard","meta":{"footnotes":""},"categories":[1],"tags":[95,94,96],"class_list":{"0":"post-2887","1":"post","2":"type-post","3":"status-publish","4":"format-standard","5":"has-post-thumbnail","7":"category-notizie","8":"tag-lecco","9":"tag-poste-italiane","10":"tag-slp","11":"czr-hentry"},"_links":{"self":[{"href":"https:\/\/www.monzalecco.lombardia.cisl.it\/index.php?rest_route=\/wp\/v2\/posts\/2887","targetHints":{"allow":["GET"]}}],"collection":[{"href":"https:\/\/www.monzalecco.lombardia.cisl.it\/index.php?rest_route=\/wp\/v2\/posts"}],"about":[{"href":"https:\/\/www.monzalecco.lombardia.cisl.it\/index.php?rest_route=\/wp\/v2\/types\/post"}],"author":[{"embeddable":true,"href":"https:\/\/www.monzalecco.lombardia.cisl.it\/index.php?rest_route=\/wp\/v2\/users\/5"}],"replies":[{"embeddable":true,"href":"https:\/\/www.monzalecco.lombardia.cisl.it\/index.php?rest_route=%2Fwp%2Fv2%2Fcomments&post=2887"}],"version-history":[{"count":1,"href":"https:\/\/www.monzalecco.lombardia.cisl.it\/index.php?rest_route=\/wp\/v2\/posts\/2887\/revisions"}],"predecessor-version":[{"id":2889,"href":"https:\/\/www.monzalecco.lombardia.cisl.it\/index.php?rest_route=\/wp\/v2\/posts\/2887\/revisions\/2889"}],"wp:featuredmedia":[{"embeddable":true,"href":"https:\/\/www.monzalecco.lombardia.cisl.it\/index.php?rest_route=\/wp\/v2\/media\/2888"}],"wp:attachment":[{"href":"https:\/\/www.monzalecco.lombardia.cisl.it\/index.php?rest_route=%2Fwp%2Fv2%2Fmedia&parent=2887"}],"wp:term":[{"taxonomy":"category","embeddable":true,"href":"https:\/\/www.monzalecco.lombardia.cisl.it\/index.php?rest_route=%2Fwp%2Fv2%2Fcategories&post=2887"},{"taxonomy":"post_tag","embeddable":true,"href":"https:\/\/www.monzalecco.lombardia.cisl.it\/index.php?rest_route=%2Fwp%2Fv2%2Ftags&post=2887"}],"curies":[{"name":"wp","href":"https:\/\/api.w.org\/{rel}","templated":true}]}}