{"id":2890,"date":"2018-08-23T18:21:30","date_gmt":"2018-08-23T16:21:30","guid":{"rendered":"http:\/\/www.monzalecco.lombardia.cisl.it\/?p=2890"},"modified":"2018-08-23T18:21:30","modified_gmt":"2018-08-23T16:21:30","slug":"fnp-piu-risorse-per-i-non-autosufficienti","status":"publish","type":"post","link":"https:\/\/www.monzalecco.lombardia.cisl.it\/?p=2890","title":{"rendered":"Fnp: \u00abPi\u00f9 risorse per i non autosufficienti\u00bb"},"content":{"rendered":"<p>Serve uno sforzo comune per allestire un nuovo sistema di presa in carico delle persone non autosufficienti. E un incremento delle risorse in ambito regionale. Le conseguenze del progressivo invecchiamento della popolazione stanno infatti innescando problemi che richiederanno soluzioni complesse.<\/p>\n<p>Una questione che la Federazione nazionale pensionati Cisl Lombardia evidenzia ancora una volta, anche sulla base dei risultati di un rapporto condotto quest\u2019anno dalla stessa Fnp sulle residenze sanitarie assistenziali. I dati dicono che gi\u00e0 adesso, a livello nazionale, la richiesta \u00e8 decisamente superiore all\u2019offerta: in Italia i posti letto residenziali e semiresidenziali sono circa 240mila, ma nel 2007 si stimava un fabbisogno di 496mila posti. E non sono pi\u00f9 confortanti le cifre relative all\u2019assistenza domiciliare integrata (Adi): quest\u2019ultima viene assicurata a circa 527mila anziani, di fronte a un fabbisogno rilevato di 870mila assistiti.<\/p>\n<p>Tutti \u00abnodi\u00bb presenti anche in Brianza. \u00abLo Stato sociale &#8211; sottolinea Giuseppe Saronni, segretario Fnp Cisl Monza Brianza Lecco &#8211; deve essere ricalibrato sulle esigenze della popolazione anziana. Ora, oltretutto, Regioni, Aziende territoriali sanitarie e Comuni si muovono per conto proprio. Noi chiediamo un ruolo pi\u00f9 integrato tra attivit\u00e0 sociale e attivit\u00e0 sanitaria. Oggi i costi e la spesa sono orientati soprattutto sull\u2019area sanitaria. Quando il paziente ha finito il suo percorso sanitario, viene lasciato a s\u00e9 e alla famiglia\u00bb.<\/p>\n<p>L\u2019Ats Brianza Lecco ha competenza su un 1.205.330 persone. Tra queste, il 12% ha pi\u00f9 di 75 anni e il 22% ha un\u2019et\u00e0 superiore ai 65 anni. Il 50% supera i 45 anni di et\u00e0. L\u2019inchiesta della Fnp Cisl ha preso in esame 675 Rsa lombarde da 50 a 150 posti letto, su un totale di oltre 900.<\/p>\n<p>Nell\u2019Ats Brianza i posti letto autorizzati sono passati dai 5.133 del 2012 ai 5.655 del 2017. L\u2019aumento maggiore \u00e8 stato registrato nell\u2019Ats Valpadana e nell\u2019Ats Brianza. I posti letto autorizzati in Lombardia sono complessivamente 63.791. Nel 2017 erano 3.066 i posti letto dedicati ai malati di Alzheimer. Dal 2011 l\u2019incremento \u00e8 stato di 1.107 unit\u00e0.<\/p>\n<p>Il rapporto ha preso in esame anche i costi: in Brianza nel 2012 la retta massima giornaliera media era di 68,17 euro. Nel 2017 toccava quota 75,73 euro. Solo l\u2019Ats Milano, con una spesa giornaliera di 87,68euro, richiede uno sforzo finanziario maggiore ai propri assistiti. La media lombarda \u00e8 di 67,36 euro.<\/p>\n<p>\u00abLa questione della non autosufficienza &#8211; precisa Saronni \u2013 sta diventando sempre pi\u00f9 centrale. Diventa necessario un aumento strutturale del fondo nazionale e regionale per la non autosufficienza. Anche perch\u00e9 una volta c\u2019era la rete sociale basata sulle famiglie che assisteva la popolazione anziana. Ora la situazione \u00e8 cambiata\u00bb. Il 70% del bilancio della Regione Lombardia \u00e8 assorbito dalla spesa sanitaria. Nel 2017 il fondo nazionale per la non autosufficienza \u00e8 stato di 448.600.000 euro. In Lombardia, nel 2018, la disponibilit\u00e0 \u00e8 stata di 78.728.940 euro. La cifra comprende la somma (9.145.000) a carico della Regione Lombardia.<\/p>\n","protected":false},"excerpt":{"rendered":"<p>Serve uno sforzo comune per allestire un nuovo sistema di presa in carico delle persone non autosufficienti. E un incremento delle risorse in ambito regionale. Le conseguenze del progressivo invecchiamento della popolazione stanno infatti innescando problemi che richiederanno soluzioni complesse. Una questione che la Federazione nazionale pensionati Cisl Lombardia evidenzia ancora una volta, anche sulla [&hellip;]<\/p>\n","protected":false},"author":5,"featured_media":2892,"comment_status":"closed","ping_status":"open","sticky":false,"template":"","format":"standard","meta":{"footnotes":""},"categories":[1],"tags":[99,97,100,98],"class_list":{"0":"post-2890","1":"post","2":"type-post","3":"status-publish","4":"format-standard","5":"has-post-thumbnail","7":"category-notizie","8":"tag-anziani","9":"tag-fnp","10":"tag-lombardia","11":"tag-non-autosufficienti","12":"czr-hentry"},"_links":{"self":[{"href":"https:\/\/www.monzalecco.lombardia.cisl.it\/index.php?rest_route=\/wp\/v2\/posts\/2890","targetHints":{"allow":["GET"]}}],"collection":[{"href":"https:\/\/www.monzalecco.lombardia.cisl.it\/index.php?rest_route=\/wp\/v2\/posts"}],"about":[{"href":"https:\/\/www.monzalecco.lombardia.cisl.it\/index.php?rest_route=\/wp\/v2\/types\/post"}],"author":[{"embeddable":true,"href":"https:\/\/www.monzalecco.lombardia.cisl.it\/index.php?rest_route=\/wp\/v2\/users\/5"}],"replies":[{"embeddable":true,"href":"https:\/\/www.monzalecco.lombardia.cisl.it\/index.php?rest_route=%2Fwp%2Fv2%2Fcomments&post=2890"}],"version-history":[{"count":2,"href":"https:\/\/www.monzalecco.lombardia.cisl.it\/index.php?rest_route=\/wp\/v2\/posts\/2890\/revisions"}],"predecessor-version":[{"id":2893,"href":"https:\/\/www.monzalecco.lombardia.cisl.it\/index.php?rest_route=\/wp\/v2\/posts\/2890\/revisions\/2893"}],"wp:featuredmedia":[{"embeddable":true,"href":"https:\/\/www.monzalecco.lombardia.cisl.it\/index.php?rest_route=\/wp\/v2\/media\/2892"}],"wp:attachment":[{"href":"https:\/\/www.monzalecco.lombardia.cisl.it\/index.php?rest_route=%2Fwp%2Fv2%2Fmedia&parent=2890"}],"wp:term":[{"taxonomy":"category","embeddable":true,"href":"https:\/\/www.monzalecco.lombardia.cisl.it\/index.php?rest_route=%2Fwp%2Fv2%2Fcategories&post=2890"},{"taxonomy":"post_tag","embeddable":true,"href":"https:\/\/www.monzalecco.lombardia.cisl.it\/index.php?rest_route=%2Fwp%2Fv2%2Ftags&post=2890"}],"curies":[{"name":"wp","href":"https:\/\/api.w.org\/{rel}","templated":true}]}}