{"id":2894,"date":"2018-08-25T09:52:54","date_gmt":"2018-08-25T07:52:54","guid":{"rendered":"http:\/\/www.monzalecco.lombardia.cisl.it\/?p=2894"},"modified":"2018-08-25T09:54:07","modified_gmt":"2018-08-25T07:54:07","slug":"iperdi-e-superdi-quale-futuro-per-i-dipendenti","status":"publish","type":"post","link":"https:\/\/www.monzalecco.lombardia.cisl.it\/?p=2894","title":{"rendered":"Iperd\u00ec-Superd\u00ec, dipendenti futuro incerto"},"content":{"rendered":"<p>La merce negli scaffali non c\u2019\u00e8 pi\u00f9. Da luglio i dipendenti non prendono lo stipendio. \u00c8 quanto sta accadendo alla Gca general market, la catena che fa capo alla famiglia Franchini ed \u00e8 proprietaria delle catene di supermercati IperD\u00ec e SuperD\u00ec.<\/p>\n<p>Una lunga crisi economica ha portato allo stato attuale. Le forniture sono cessate da tempo, merce fresca non ne arriva pi\u00f9, gli scaffali sono sempre pi\u00f9 vuoti. I fornitori ormai accettano di consegnare la merce se questa \u00e8 pagata in contanti.<\/p>\n<p>I 43 punti vendita sparsi fra Piemonte, Liguria e Lombardia (tra i quali quelli di Lentate, Desio, Muggi\u00f2, Cesano Maderno, Barlassina, Cogliate) sono chiusi fino al 3 settembre. Su alcuni compare il cartello \u00abchiuso per ferie\u00bb, su altri \u00abchiuso per ristrutturazione\u00bb.<\/p>\n<p>Il destino dei dipendenti (un migliaio in totale) \u00e8 appeso a un filo. A luglio, per la prima volta, non \u00e8 arrivato lo stipendio. \u00abSiamo molto preoccupati \u2013 spiega Francesco Barazzetta, Fisascat Cisl Mbl -. Il 13 settembre avremo un incontro in Regione Lombardia. Speriamo che, in quell\u2019occasione, si possa chiarire la questione e si possa iniziare un percorso che ci aiuti a salvare questa realt\u00e0 commerciale e i lavoratori\u00bb.<\/p>\n","protected":false},"excerpt":{"rendered":"<p>La merce negli scaffali non c\u2019\u00e8 pi\u00f9. Da luglio i dipendenti non prendono lo stipendio. \u00c8 quanto sta accadendo alla Gca general market, la catena che fa capo alla famiglia Franchini ed \u00e8 proprietaria delle catene di supermercati IperD\u00ec e SuperD\u00ec. Una lunga crisi economica ha portato allo stato attuale. Le forniture sono cessate da [&hellip;]<\/p>\n","protected":false},"author":5,"featured_media":2895,"comment_status":"closed","ping_status":"open","sticky":false,"template":"","format":"standard","meta":{"footnotes":""},"categories":[1],"tags":[101,102,103,104],"class_list":{"0":"post-2894","1":"post","2":"type-post","3":"status-publish","4":"format-standard","5":"has-post-thumbnail","7":"category-notizie","8":"tag-fisascat","9":"tag-iperdi","10":"tag-superdi","11":"tag-supermercati","12":"czr-hentry"},"_links":{"self":[{"href":"https:\/\/www.monzalecco.lombardia.cisl.it\/index.php?rest_route=\/wp\/v2\/posts\/2894","targetHints":{"allow":["GET"]}}],"collection":[{"href":"https:\/\/www.monzalecco.lombardia.cisl.it\/index.php?rest_route=\/wp\/v2\/posts"}],"about":[{"href":"https:\/\/www.monzalecco.lombardia.cisl.it\/index.php?rest_route=\/wp\/v2\/types\/post"}],"author":[{"embeddable":true,"href":"https:\/\/www.monzalecco.lombardia.cisl.it\/index.php?rest_route=\/wp\/v2\/users\/5"}],"replies":[{"embeddable":true,"href":"https:\/\/www.monzalecco.lombardia.cisl.it\/index.php?rest_route=%2Fwp%2Fv2%2Fcomments&post=2894"}],"version-history":[{"count":5,"href":"https:\/\/www.monzalecco.lombardia.cisl.it\/index.php?rest_route=\/wp\/v2\/posts\/2894\/revisions"}],"predecessor-version":[{"id":2900,"href":"https:\/\/www.monzalecco.lombardia.cisl.it\/index.php?rest_route=\/wp\/v2\/posts\/2894\/revisions\/2900"}],"wp:featuredmedia":[{"embeddable":true,"href":"https:\/\/www.monzalecco.lombardia.cisl.it\/index.php?rest_route=\/wp\/v2\/media\/2895"}],"wp:attachment":[{"href":"https:\/\/www.monzalecco.lombardia.cisl.it\/index.php?rest_route=%2Fwp%2Fv2%2Fmedia&parent=2894"}],"wp:term":[{"taxonomy":"category","embeddable":true,"href":"https:\/\/www.monzalecco.lombardia.cisl.it\/index.php?rest_route=%2Fwp%2Fv2%2Fcategories&post=2894"},{"taxonomy":"post_tag","embeddable":true,"href":"https:\/\/www.monzalecco.lombardia.cisl.it\/index.php?rest_route=%2Fwp%2Fv2%2Ftags&post=2894"}],"curies":[{"name":"wp","href":"https:\/\/api.w.org\/{rel}","templated":true}]}}