{"id":2903,"date":"2018-08-29T16:15:15","date_gmt":"2018-08-29T14:15:15","guid":{"rendered":"http:\/\/www.monzalecco.lombardia.cisl.it\/?p=2903"},"modified":"2018-08-29T16:15:15","modified_gmt":"2018-08-29T14:15:15","slug":"3-settembre-al-via-il-labour-film-festival","status":"publish","type":"post","link":"https:\/\/www.monzalecco.lombardia.cisl.it\/?p=2903","title":{"rendered":"3 settembre, al via il Labour Film Festival"},"content":{"rendered":"<p>Si apre luned\u00ec 3 settembre alle ore 20.30, con un omaggio al grande regista Ermanno Olmi, recentemente scomparso, la\u00a0<a href=\"http:\/\/lombardia.cisl.it\/labour-film-festival\/xiv-edizione-labour-film-festival-2\/\" target=\"_blank\" rel=\"noopener\"><strong>14esima edizione del Labour Film Festival<\/strong><\/a>, la rassegna dedicata all\u2019incontro tra settima arte e lavoro promossa da Acli e Cisl Lombardia, con il cinema teatro Rondinella di Sesto San Giovanni. Alla serata inaugurale interverranno Ugo Duci, segretario generale della Cisl Lombardia, e Attilio Rossato, presidente di Acli Lombardia.<\/p>\n<p>\u201cIn questa complessa fase economica e sociale \u00e8 sempre pi\u00f9 importante per la Cisl Lombardia promuovere la cultura del lavoro e dei diritti di tutti anche attraverso le opere cinematografiche \u2013 sottolinea Ugo Duci, segretario generale della Cisl Lombardia -. Quest\u2019anno cogliamo anche l\u2019occasione per rendere omaggio a persone che hanno fatto la storia di questo Paese e che sono recentemente venute a mancare, come il nostro Pierre Carniti, ma anche Giovanni Bianchi e il maestro Olmi\u201d.<\/p>\n<p>Al regista bergamasco, che nella sua vasta produzione ha sempre riservato uno sguardo attento e appassionato alle problematiche del lavoro e ai suoi protagonisti, il Festival dedica l\u2019apertura della prima serata con la proiezione del suo documentario del \u201958 \u201cTre fili fino a Milano\u201d che, nel raccontare il lavoro di tre operai addetti alla tesatura di una linea elettrica ad alta tensione, valorizza le note umane di questo pericoloso lavoro.<br \/>\nIl maestro Olmi torna anche nella serata speciale dell\u201911 ottobre \u201cIl lavoro nella Costituzione italiana: visioni e riflessioni in occasione del 70esimo anniversario\u201d, con la proiezione del documentario \u201cLe radici della libert\u00e0\u201d, realizzato nel \u201972 con Corrado Stajano.<\/p>\n<p>Il festival ripropone anche quest\u2019anno la formula di successo del mix di corti, documentari, lungometraggi e fiction: Labour.Short, Labour.Doc, Labour Film. Complessivamente, il programma prevede ben 17 appuntamenti, 27 pellicole, incontri con gli autori, dibattiti e degustazioni enogastronomiche. Visto il successo della passata edizione, infatti, anche quest\u2019anno alle classiche proiezioni del luned\u00ec e gioved\u00ec sera, si aggiunge l\u2019appuntamento settimanale del venerd\u00ec, aperto, alle ore 20, da un\u2019enodegustazione. Il mercoled\u00ec, invece, lo spettacolo \u00e8 pomeridiano, con inizio a partire dalle 15.15.<\/p>\n<p>Pressoch\u00e9 unica nel panorama nazionale, la rassegna cinematografica \u00e8 patrocinata dal Servizio per la pastorale sociale e il lavoro della Diocesi di Milano e da Europa Cinemas, il primo network di sale cinematografiche europee.<br \/>\nAutori e registi intervengono luned\u00ec 10 settembre alla proiezione del film \u201cSi muore tutti democristiani\u201d, scritto e diretto dal collettivo italiano Il Terzo Segreto di Satira. Luned\u00ec 17 settembre il regista Adil Azzab interviene alla proiezione del suo film autobiografico \u201cMy name is Adil\u201d, girato tra la campagna marocchina e Milano e vincitore di numerosi premi e riconoscimenti internazionali.<br \/>\nSempre luned\u00ec 17 settembre il festival rende omaggio a Pierre Carniti, storico sindacalista Cisl venuto a mancare a inizio giugno. Interviene Sandro Antoniazzi, membro della Commissione \u201cIustitia et Pax della Diocesi di Milano\u201d.<br \/>\nGioved\u00ec 20 settembre la scena \u00e8 tutta per il Labour Short Award, la serata dedicata ai corti, in collaborazione con la scuola Mohole di Milano e il Working Title Film Festival, nel corso della quale il pubblico del Rondinella assister\u00e0 alla proiezione di una serie di cortometraggi e a fine serata sceglier\u00e0 il migliore. Luned\u00ec 24 settembre, alle ore 20.30, \u201cDalla parte di Marta\u201d con un happening dedicato alla figura di Giovanni Bianchi.<br \/>\nAnche quest\u2019anno il festival vede il contributo di importanti media partner come Avvenire, Conquiste del lavoro, Job Notizie, Il diario del lavoro, Il Segno, Radio Marconi, Labor Tv.<\/p>\n","protected":false},"excerpt":{"rendered":"<p>Si apre luned\u00ec 3 settembre alle ore 20.30, con un omaggio al grande regista Ermanno Olmi, recentemente scomparso, la\u00a014esima edizione del Labour Film Festival, la rassegna dedicata all\u2019incontro tra settima arte e lavoro promossa da Acli e Cisl Lombardia, con il cinema teatro Rondinella di Sesto San Giovanni. Alla serata inaugurale interverranno Ugo Duci, segretario [&hellip;]<\/p>\n","protected":false},"author":5,"featured_media":2738,"comment_status":"closed","ping_status":"open","sticky":false,"template":"","format":"standard","meta":{"footnotes":""},"categories":[1],"tags":[108,109],"class_list":{"0":"post-2903","1":"post","2":"type-post","3":"status-publish","4":"format-standard","5":"has-post-thumbnail","7":"category-notizie","8":"tag-cinema","9":"tag-labour-film-festival","10":"czr-hentry"},"_links":{"self":[{"href":"https:\/\/www.monzalecco.lombardia.cisl.it\/index.php?rest_route=\/wp\/v2\/posts\/2903","targetHints":{"allow":["GET"]}}],"collection":[{"href":"https:\/\/www.monzalecco.lombardia.cisl.it\/index.php?rest_route=\/wp\/v2\/posts"}],"about":[{"href":"https:\/\/www.monzalecco.lombardia.cisl.it\/index.php?rest_route=\/wp\/v2\/types\/post"}],"author":[{"embeddable":true,"href":"https:\/\/www.monzalecco.lombardia.cisl.it\/index.php?rest_route=\/wp\/v2\/users\/5"}],"replies":[{"embeddable":true,"href":"https:\/\/www.monzalecco.lombardia.cisl.it\/index.php?rest_route=%2Fwp%2Fv2%2Fcomments&post=2903"}],"version-history":[{"count":1,"href":"https:\/\/www.monzalecco.lombardia.cisl.it\/index.php?rest_route=\/wp\/v2\/posts\/2903\/revisions"}],"predecessor-version":[{"id":2904,"href":"https:\/\/www.monzalecco.lombardia.cisl.it\/index.php?rest_route=\/wp\/v2\/posts\/2903\/revisions\/2904"}],"wp:featuredmedia":[{"embeddable":true,"href":"https:\/\/www.monzalecco.lombardia.cisl.it\/index.php?rest_route=\/wp\/v2\/media\/2738"}],"wp:attachment":[{"href":"https:\/\/www.monzalecco.lombardia.cisl.it\/index.php?rest_route=%2Fwp%2Fv2%2Fmedia&parent=2903"}],"wp:term":[{"taxonomy":"category","embeddable":true,"href":"https:\/\/www.monzalecco.lombardia.cisl.it\/index.php?rest_route=%2Fwp%2Fv2%2Fcategories&post=2903"},{"taxonomy":"post_tag","embeddable":true,"href":"https:\/\/www.monzalecco.lombardia.cisl.it\/index.php?rest_route=%2Fwp%2Fv2%2Ftags&post=2903"}],"curies":[{"name":"wp","href":"https:\/\/api.w.org\/{rel}","templated":true}]}}