{"id":2945,"date":"2018-08-31T17:13:07","date_gmt":"2018-08-31T15:13:07","guid":{"rendered":"http:\/\/www.monzalecco.lombardia.cisl.it\/?p=2945"},"modified":"2018-08-31T17:17:37","modified_gmt":"2018-08-31T15:17:37","slug":"iperdi-e-superdi-lunedi-3-si-riapre","status":"publish","type":"post","link":"https:\/\/www.monzalecco.lombardia.cisl.it\/?p=2945","title":{"rendered":"IperD\u00ec e SuperD\u00ec, luned\u00ec 3 si riapre"},"content":{"rendered":"<p>I negozi IperD\u00ec e SuperD\u00ec riapriranno luned\u00ec 3 settembre. La notizia \u00e8 positiva. La lunga crisi del gruppo li aveva messi in ginocchio e da settimane non venivano riforniti di merce, in particolare quella fresca (carne, latte, verdura, ecc.).<\/p>\n<p>Chiusi a fine luglio, ai 43 punti vendita sparsi fra Piemonte, Liguria e Lombardia (tra i quali quelli di Lentate, Desio, Muggi\u00f2, Cesano Maderno, Barlassina, Cogliate) erano stati affissi i cartelli \u00abchiuso per ferie\u00bb o \u00abchiuso per ristrutturazione\u00bb. Nessuno aveva la certezza che potessero riaprire i battenti.<\/p>\n<p>Invece nei giorni scorsi \u00e8 trapelata la notizia che l\u2019attivit\u00e0 riprender\u00e0. Da luned\u00ec poi la direzione ha deciso che si terr\u00e0 una svendita di tutti i prodotti con uno sconto del 50% sul prezzo di origine.<\/p>\n<p>La crisi del gruppo rimane. Nuova distribuzione spa, la societ\u00e0 di Monza controllata dalla famiglia Franchini \u00e8 stata ammessa al concordato in bianco lo scorso 13 agosto dal Tribunale di Monza, che ha concesso i canonici 60 giorni di tempo per presentare il piano concordatario definitivo.<\/p>\n<p>Il 13 settembre ci sar\u00e0 un incontro tra direzione e sindacato in Regione Lombardia. \u00abLa ripresa delle attivit\u00e0 \u00e8 una notizia positiva \u2013 spiega Francesco Barazzetta, Fisascat Cisl Mbl \u2013. Noi continueremo a monitorare la situazione e a tutelare gli interessi dei lavoratori nella speranza che si possa superare il momento difficile\u00bb.<\/p>\n","protected":false},"excerpt":{"rendered":"<p>I negozi IperD\u00ec e SuperD\u00ec riapriranno luned\u00ec 3 settembre. La notizia \u00e8 positiva. La lunga crisi del gruppo li aveva messi in ginocchio e da settimane non venivano riforniti di merce, in particolare quella fresca (carne, latte, verdura, ecc.). Chiusi a fine luglio, ai 43 punti vendita sparsi fra Piemonte, Liguria e Lombardia (tra i [&hellip;]<\/p>\n","protected":false},"author":5,"featured_media":2946,"comment_status":"closed","ping_status":"open","sticky":false,"template":"","format":"standard","meta":{"footnotes":""},"categories":[1],"tags":[101,102,103],"class_list":{"0":"post-2945","1":"post","2":"type-post","3":"status-publish","4":"format-standard","5":"has-post-thumbnail","7":"category-notizie","8":"tag-fisascat","9":"tag-iperdi","10":"tag-superdi","11":"czr-hentry"},"_links":{"self":[{"href":"https:\/\/www.monzalecco.lombardia.cisl.it\/index.php?rest_route=\/wp\/v2\/posts\/2945","targetHints":{"allow":["GET"]}}],"collection":[{"href":"https:\/\/www.monzalecco.lombardia.cisl.it\/index.php?rest_route=\/wp\/v2\/posts"}],"about":[{"href":"https:\/\/www.monzalecco.lombardia.cisl.it\/index.php?rest_route=\/wp\/v2\/types\/post"}],"author":[{"embeddable":true,"href":"https:\/\/www.monzalecco.lombardia.cisl.it\/index.php?rest_route=\/wp\/v2\/users\/5"}],"replies":[{"embeddable":true,"href":"https:\/\/www.monzalecco.lombardia.cisl.it\/index.php?rest_route=%2Fwp%2Fv2%2Fcomments&post=2945"}],"version-history":[{"count":3,"href":"https:\/\/www.monzalecco.lombardia.cisl.it\/index.php?rest_route=\/wp\/v2\/posts\/2945\/revisions"}],"predecessor-version":[{"id":2949,"href":"https:\/\/www.monzalecco.lombardia.cisl.it\/index.php?rest_route=\/wp\/v2\/posts\/2945\/revisions\/2949"}],"wp:featuredmedia":[{"embeddable":true,"href":"https:\/\/www.monzalecco.lombardia.cisl.it\/index.php?rest_route=\/wp\/v2\/media\/2946"}],"wp:attachment":[{"href":"https:\/\/www.monzalecco.lombardia.cisl.it\/index.php?rest_route=%2Fwp%2Fv2%2Fmedia&parent=2945"}],"wp:term":[{"taxonomy":"category","embeddable":true,"href":"https:\/\/www.monzalecco.lombardia.cisl.it\/index.php?rest_route=%2Fwp%2Fv2%2Fcategories&post=2945"},{"taxonomy":"post_tag","embeddable":true,"href":"https:\/\/www.monzalecco.lombardia.cisl.it\/index.php?rest_route=%2Fwp%2Fv2%2Ftags&post=2945"}],"curies":[{"name":"wp","href":"https:\/\/api.w.org\/{rel}","templated":true}]}}