{"id":2977,"date":"2018-09-06T09:56:08","date_gmt":"2018-09-06T07:56:08","guid":{"rendered":"http:\/\/www.monzalecco.lombardia.cisl.it\/?p=2977"},"modified":"2018-09-06T09:56:08","modified_gmt":"2018-09-06T07:56:08","slug":"candy-salvaguardata-loccupazione","status":"publish","type":"post","link":"https:\/\/www.monzalecco.lombardia.cisl.it\/?p=2977","title":{"rendered":"Candy, salvaguardata l&#8217;occupazione"},"content":{"rendered":"<p>Sindacato e Candy hanno raggiunto un accordo sull\u2019assetto produttivo dello stabilimento di Brugherio che di fatto salvaguarda il sito brianzolo. L\u2019intesa \u00e8 stata sottoscritta marted\u00ec 4 settembre ed \u00e8 il risultato di una trattativa avviata nei mesi scorsi per tutelare l\u2019occupazione e che toccava anche i contratti di secondo livello. Sul piatto della bilancia c\u2019erano 207 esuberi dichiarati dalla direzione aziendale.<\/p>\n<p>L\u2019intesa raggiunta marted\u00ec prevede il ricorso alla cassa integrazione speciale per i prossimi 12 mesi e la definizione di un\u2019organizzazione del lavoro che nei prossimi due anni si attester\u00e0 su volumi di 500mila unit\u00e0 all\u2019anno con un orario medio settimanale di 28 ore.<\/p>\n<p>Tutto ci\u00f2 con alcune importanti garanzie. Sar\u00e0 tutelata la revisione dell\u2019attuale accordistica mediante l\u2019istituzione di un premio presenza e un nuovo premio risultato. Ci sar\u00e0 una nuova regolamentazione sui permessi per visite specialistiche e il servizio trasporti sar\u00e0 mantenuto fino al 30 settembre 2019.<\/p>\n<p>Si \u00e8 parlato anche di riduzione del personale, ma solo su base volontaria e incentivata.<\/p>\n<p>\u00abLa Fim \u2013 commenta Gabriele Fiore, Fim Cisl Mbl \u2013 valuta positivamente l\u2019intesa raggiunta, ritenendola un risultato importante e fondamentale per la salvaguardia dell\u2019occupazione e per il mantenimento del sito produttivo di Brugherio\u00bb.<\/p>\n","protected":false},"excerpt":{"rendered":"<p>Sindacato e Candy hanno raggiunto un accordo sull\u2019assetto produttivo dello stabilimento di Brugherio che di fatto salvaguarda il sito brianzolo. L\u2019intesa \u00e8 stata sottoscritta marted\u00ec 4 settembre ed \u00e8 il risultato di una trattativa avviata nei mesi scorsi per tutelare l\u2019occupazione e che toccava anche i contratti di secondo livello. Sul piatto della bilancia c\u2019erano [&hellip;]<\/p>\n","protected":false},"author":5,"featured_media":2978,"comment_status":"closed","ping_status":"open","sticky":false,"template":"","format":"standard","meta":{"footnotes":""},"categories":[1],"tags":[88,87,27],"class_list":{"0":"post-2977","1":"post","2":"type-post","3":"status-publish","4":"format-standard","5":"has-post-thumbnail","7":"category-notizie","8":"tag-brugherio","9":"tag-candy","10":"tag-fim","11":"czr-hentry"},"_links":{"self":[{"href":"https:\/\/www.monzalecco.lombardia.cisl.it\/index.php?rest_route=\/wp\/v2\/posts\/2977","targetHints":{"allow":["GET"]}}],"collection":[{"href":"https:\/\/www.monzalecco.lombardia.cisl.it\/index.php?rest_route=\/wp\/v2\/posts"}],"about":[{"href":"https:\/\/www.monzalecco.lombardia.cisl.it\/index.php?rest_route=\/wp\/v2\/types\/post"}],"author":[{"embeddable":true,"href":"https:\/\/www.monzalecco.lombardia.cisl.it\/index.php?rest_route=\/wp\/v2\/users\/5"}],"replies":[{"embeddable":true,"href":"https:\/\/www.monzalecco.lombardia.cisl.it\/index.php?rest_route=%2Fwp%2Fv2%2Fcomments&post=2977"}],"version-history":[{"count":1,"href":"https:\/\/www.monzalecco.lombardia.cisl.it\/index.php?rest_route=\/wp\/v2\/posts\/2977\/revisions"}],"predecessor-version":[{"id":2979,"href":"https:\/\/www.monzalecco.lombardia.cisl.it\/index.php?rest_route=\/wp\/v2\/posts\/2977\/revisions\/2979"}],"wp:featuredmedia":[{"embeddable":true,"href":"https:\/\/www.monzalecco.lombardia.cisl.it\/index.php?rest_route=\/wp\/v2\/media\/2978"}],"wp:attachment":[{"href":"https:\/\/www.monzalecco.lombardia.cisl.it\/index.php?rest_route=%2Fwp%2Fv2%2Fmedia&parent=2977"}],"wp:term":[{"taxonomy":"category","embeddable":true,"href":"https:\/\/www.monzalecco.lombardia.cisl.it\/index.php?rest_route=%2Fwp%2Fv2%2Fcategories&post=2977"},{"taxonomy":"post_tag","embeddable":true,"href":"https:\/\/www.monzalecco.lombardia.cisl.it\/index.php?rest_route=%2Fwp%2Fv2%2Ftags&post=2977"}],"curies":[{"name":"wp","href":"https:\/\/api.w.org\/{rel}","templated":true}]}}