{"id":3044,"date":"2018-09-19T12:31:51","date_gmt":"2018-09-19T10:31:51","guid":{"rendered":"http:\/\/www.monzalecco.lombardia.cisl.it\/?p=3044"},"modified":"2018-09-19T16:05:20","modified_gmt":"2018-09-19T14:05:20","slug":"stm-accordo-integrativo-aziendale","status":"publish","type":"post","link":"https:\/\/www.monzalecco.lombardia.cisl.it\/?p=3044","title":{"rendered":"StM, accordo integrativo aziendale"},"content":{"rendered":"<p><strong>Tutti i documenti<\/strong><\/p>\n<p>Sindacato e StMicroelectronics hanno firmato l\u2019ipotesi di accordo nazionale di secondo livello. L\u2019accordo arriva dopo una lunga trattativa che si \u00e8 protratta per diversi mesi, a causa sia delle iniziali rigidit\u00e0 aziendali sia di incertezze presenti in alcune componenti di Fiom e Uilm.<\/p>\n<p>Tante le novit\u00e0. Sotto il profilo salariale \u00e8 previsto un aumento fino a tremila euro del massimale del premio di risultato. Quest\u2019ultimo verr\u00e0 calcolato secondo parametri pi\u00f9 remunerativi per i lavoratori che terranno conto di due indicatori produttivi e due finanziari. L\u2019intesa prevede anche una una tantum di 200 euro che scatter\u00e0 a gennaio 2019. In campo normativo, prevede nuovi strumenti normativi per un miglioramento della conciliazione tra vita e lavoro e della copertura sanitaria (piano con maggiori coperture).<\/p>\n<p>\u00ab\u00c8 stato svolto un ottimo lavoro da tutti i delegati e i segretari della Fim \u2013 spiega Gabriele Fiore, Fim Cisl Mbl -. C\u2019\u00e8 stato un grande impegno nella preparazione e nella conduzione della vertenza, con proposte, elaborazioni, capacit\u00e0 di discussione con i lavoratori. Il risultato negoziale \u00e8 positivo e importante per tutte le lavoratrici e i lavoratori del gruppo\u00bb.<\/p>\n<p>Nei prossimi giorni sono previste le riunioni e il pronunciamento delle Rsu e, successivamente, le assemblee e la consultazione dei circa diecimila lavoratori delle varie sedi in Italia.<\/p>\n<p>\u00abSiamo sicuri \u2013 conclude Fiore &#8211; che la Fim Cisl confermer\u00e0, anche in questa occasione il ruolo attivo e protagonista e che vi sar\u00e0 una valutazione favorevole da parte di tutti i lavoratori\u00bb.<\/p>\n<p>&nbsp;<\/p>\n","protected":false},"excerpt":{"rendered":"<p>Tutti i documenti Sindacato e StMicroelectronics hanno firmato l\u2019ipotesi di accordo nazionale di secondo livello. L\u2019accordo arriva dopo una lunga trattativa che si \u00e8 protratta per diversi mesi, a causa sia delle iniziali rigidit\u00e0 aziendali sia di incertezze presenti in alcune componenti di Fiom e Uilm. Tante le novit\u00e0. Sotto il profilo salariale \u00e8 previsto [&hellip;]<\/p>\n","protected":false},"author":5,"featured_media":3045,"comment_status":"closed","ping_status":"open","sticky":false,"template":"","format":"standard","meta":{"footnotes":""},"categories":[1],"tags":[122,27,121],"class_list":{"0":"post-3044","1":"post","2":"type-post","3":"status-publish","4":"format-standard","5":"has-post-thumbnail","7":"category-notizie","8":"tag-agrate-brianza","9":"tag-fim","10":"tag-stm","11":"czr-hentry"},"_links":{"self":[{"href":"https:\/\/www.monzalecco.lombardia.cisl.it\/index.php?rest_route=\/wp\/v2\/posts\/3044","targetHints":{"allow":["GET"]}}],"collection":[{"href":"https:\/\/www.monzalecco.lombardia.cisl.it\/index.php?rest_route=\/wp\/v2\/posts"}],"about":[{"href":"https:\/\/www.monzalecco.lombardia.cisl.it\/index.php?rest_route=\/wp\/v2\/types\/post"}],"author":[{"embeddable":true,"href":"https:\/\/www.monzalecco.lombardia.cisl.it\/index.php?rest_route=\/wp\/v2\/users\/5"}],"replies":[{"embeddable":true,"href":"https:\/\/www.monzalecco.lombardia.cisl.it\/index.php?rest_route=%2Fwp%2Fv2%2Fcomments&post=3044"}],"version-history":[{"count":9,"href":"https:\/\/www.monzalecco.lombardia.cisl.it\/index.php?rest_route=\/wp\/v2\/posts\/3044\/revisions"}],"predecessor-version":[{"id":3054,"href":"https:\/\/www.monzalecco.lombardia.cisl.it\/index.php?rest_route=\/wp\/v2\/posts\/3044\/revisions\/3054"}],"wp:featuredmedia":[{"embeddable":true,"href":"https:\/\/www.monzalecco.lombardia.cisl.it\/index.php?rest_route=\/wp\/v2\/media\/3045"}],"wp:attachment":[{"href":"https:\/\/www.monzalecco.lombardia.cisl.it\/index.php?rest_route=%2Fwp%2Fv2%2Fmedia&parent=3044"}],"wp:term":[{"taxonomy":"category","embeddable":true,"href":"https:\/\/www.monzalecco.lombardia.cisl.it\/index.php?rest_route=%2Fwp%2Fv2%2Fcategories&post=3044"},{"taxonomy":"post_tag","embeddable":true,"href":"https:\/\/www.monzalecco.lombardia.cisl.it\/index.php?rest_route=%2Fwp%2Fv2%2Ftags&post=3044"}],"curies":[{"name":"wp","href":"https:\/\/api.w.org\/{rel}","templated":true}]}}