{"id":3058,"date":"2018-09-19T17:23:50","date_gmt":"2018-09-19T15:23:50","guid":{"rendered":"http:\/\/www.monzalecco.lombardia.cisl.it\/?p=3058"},"modified":"2018-09-19T17:25:47","modified_gmt":"2018-09-19T15:25:47","slug":"iperdi-e-superdi-qualcosa-si-muove","status":"publish","type":"post","link":"https:\/\/www.monzalecco.lombardia.cisl.it\/?p=3058","title":{"rendered":"IperD\u00ec-SuperD\u00ec, qualcosa si muove?"},"content":{"rendered":"<p>Quattro gruppi sarebbero interessati ad acquisire i negozi IperD\u00ec e SuperD\u00ec. \u00c8 quanto ha affermato la propriet\u00e0 in un incontro con il sindacato che si \u00e8 tenuto nella sede di Federdistribuzione marted\u00ec 18 settembre. Per la parte commerciale quindi i problemi sarebbero risolti. Nulla invece \u00e8 stato detto riguardo all&#8217;amministrazione e alla logistica.<\/p>\n<p>\u00abI rappresentanti sindacali &#8211; spiega Francesco Barazzetta della Fisascat Cisl Mbl &#8211; sono rimasti sorpresi dall&#8217;annuncio dell&#8217;azienda anche perch\u00e9, solo pochi giorni prima, era stato detto che tutte le trattative erano ferme. Detto questo, nei prossimi incontri verificheremo la bont\u00e0 delle dichiarazioni e quali iniziative mettere in campo per tutelare al massimo i lavoratori del gruppo\u00bb.<\/p>\n","protected":false},"excerpt":{"rendered":"<p>Quattro gruppi sarebbero interessati ad acquisire i negozi IperD\u00ec e SuperD\u00ec. \u00c8 quanto ha affermato la propriet\u00e0 in un incontro con il sindacato che si \u00e8 tenuto nella sede di Federdistribuzione marted\u00ec 18 settembre. Per la parte commerciale quindi i problemi sarebbero risolti. Nulla invece \u00e8 stato detto riguardo all&#8217;amministrazione e alla logistica. \u00abI rappresentanti [&hellip;]<\/p>\n","protected":false},"author":5,"featured_media":2895,"comment_status":"closed","ping_status":"open","sticky":false,"template":"","format":"standard","meta":{"footnotes":""},"categories":[1],"tags":[101,102,103],"class_list":{"0":"post-3058","1":"post","2":"type-post","3":"status-publish","4":"format-standard","5":"has-post-thumbnail","7":"category-notizie","8":"tag-fisascat","9":"tag-iperdi","10":"tag-superdi","11":"czr-hentry"},"_links":{"self":[{"href":"https:\/\/www.monzalecco.lombardia.cisl.it\/index.php?rest_route=\/wp\/v2\/posts\/3058","targetHints":{"allow":["GET"]}}],"collection":[{"href":"https:\/\/www.monzalecco.lombardia.cisl.it\/index.php?rest_route=\/wp\/v2\/posts"}],"about":[{"href":"https:\/\/www.monzalecco.lombardia.cisl.it\/index.php?rest_route=\/wp\/v2\/types\/post"}],"author":[{"embeddable":true,"href":"https:\/\/www.monzalecco.lombardia.cisl.it\/index.php?rest_route=\/wp\/v2\/users\/5"}],"replies":[{"embeddable":true,"href":"https:\/\/www.monzalecco.lombardia.cisl.it\/index.php?rest_route=%2Fwp%2Fv2%2Fcomments&post=3058"}],"version-history":[{"count":2,"href":"https:\/\/www.monzalecco.lombardia.cisl.it\/index.php?rest_route=\/wp\/v2\/posts\/3058\/revisions"}],"predecessor-version":[{"id":3060,"href":"https:\/\/www.monzalecco.lombardia.cisl.it\/index.php?rest_route=\/wp\/v2\/posts\/3058\/revisions\/3060"}],"wp:featuredmedia":[{"embeddable":true,"href":"https:\/\/www.monzalecco.lombardia.cisl.it\/index.php?rest_route=\/wp\/v2\/media\/2895"}],"wp:attachment":[{"href":"https:\/\/www.monzalecco.lombardia.cisl.it\/index.php?rest_route=%2Fwp%2Fv2%2Fmedia&parent=3058"}],"wp:term":[{"taxonomy":"category","embeddable":true,"href":"https:\/\/www.monzalecco.lombardia.cisl.it\/index.php?rest_route=%2Fwp%2Fv2%2Fcategories&post=3058"},{"taxonomy":"post_tag","embeddable":true,"href":"https:\/\/www.monzalecco.lombardia.cisl.it\/index.php?rest_route=%2Fwp%2Fv2%2Ftags&post=3058"}],"curies":[{"name":"wp","href":"https:\/\/api.w.org\/{rel}","templated":true}]}}