{"id":3128,"date":"2018-09-26T16:27:15","date_gmt":"2018-09-26T14:27:15","guid":{"rendered":"http:\/\/www.monzalecco.lombardia.cisl.it\/?p=3128"},"modified":"2018-09-26T16:27:15","modified_gmt":"2018-09-26T14:27:15","slug":"sciopero-tenaris-90-di-adesioni","status":"publish","type":"post","link":"https:\/\/www.monzalecco.lombardia.cisl.it\/?p=3128","title":{"rendered":"Sciopero Tenaris, 90% di adesioni"},"content":{"rendered":"<p>Ad Arcore, il 90% dei lavoratori della Tenaris ha aderito allo sciopero indetto questa mattina, 26 settembre. \u00ab\u00c8 stato un grande successo &#8211; spiega Eliana Dell\u2019Acqua, Fim Cisl Mbl -. Lo sciopero e il presidio sono stati molto sentiti dai dipendenti. In questo modo abbiamo voluto protestare contro la chiusura aziendale rispetto alle richieste contenute nella piattaforma unitaria, approvata dai lavoratori, per il rinnovo dell\u2019accordo aziendale. La trattativa \u00e8 ferma ormai da pi\u00f9 di un anno\u00bb.<\/p>\n<p>La manifestazione unitaria ha coinvolto anche gli altri stabilimenti italiani del gruppo (Dalmine,\u00a0Sabbio,\u00a0Costa Volpino\u00a0e\u00a0Piombino) e in tutti i siti l&#8217;adesione \u00e8 stata altissima. \u00abOra Tenaris deve richiamarci al tavolo \u2013 hanno detto i segretari nazionali dei sindacati dei metalmeccanici \u2013 ma soprattutto sedersi a trattare con convinzione e capacit\u00e0 di ascolto\u00bb.<\/p>\n<p>Fuori dai cancelli, durante il presidio di Dalmine, l\u2019amministratore delegato\u00a0Michele Della Briotta\u00a0ha avuto un veloce cambio di vedute con i sindacalisti presenti. Il dirigente si \u00e8 detto disponibile a sedersi a un tavolo per discutere. Nel sindacato per\u00f2 questa apertura non ha convinto tutti. \u00abPurtroppo \u2013 continua Eliana Dell&#8217;Acqua &#8211; pi\u00f9 volte l&#8217;azienda si \u00e8 detta disponibile a discutere ma poi non \u00e8 mai entrata nel merito delle proposte presentate nella nostra piattaforma. Nella nostra piattaforma unitaria chiediamo che Tenaris spieghi i processi previsti nella parte degli investimenti del piano industriale dei prossimi tre anni; che i lavoratori apprendisti ancora a tempo determinato siano riconfermati e stabilizzati, e che si proceda a una rivalutazione economica salariale, necessaria dopo l\u2019accordo ponte dell\u2019anno scorso\u00bb.<\/p>\n","protected":false},"excerpt":{"rendered":"<p>Ad Arcore, il 90% dei lavoratori della Tenaris ha aderito allo sciopero indetto questa mattina, 26 settembre. \u00ab\u00c8 stato un grande successo &#8211; spiega Eliana Dell\u2019Acqua, Fim Cisl Mbl -. Lo sciopero e il presidio sono stati molto sentiti dai dipendenti. In questo modo abbiamo voluto protestare contro la chiusura aziendale rispetto alle richieste contenute [&hellip;]<\/p>\n","protected":false},"author":5,"featured_media":3129,"comment_status":"closed","ping_status":"open","sticky":false,"template":"","format":"standard","meta":{"footnotes":""},"categories":[1],"tags":[128,27,127],"class_list":{"0":"post-3128","1":"post","2":"type-post","3":"status-publish","4":"format-standard","5":"has-post-thumbnail","7":"category-notizie","8":"tag-arcore","9":"tag-fim","10":"tag-tenaris","11":"czr-hentry"},"_links":{"self":[{"href":"https:\/\/www.monzalecco.lombardia.cisl.it\/index.php?rest_route=\/wp\/v2\/posts\/3128","targetHints":{"allow":["GET"]}}],"collection":[{"href":"https:\/\/www.monzalecco.lombardia.cisl.it\/index.php?rest_route=\/wp\/v2\/posts"}],"about":[{"href":"https:\/\/www.monzalecco.lombardia.cisl.it\/index.php?rest_route=\/wp\/v2\/types\/post"}],"author":[{"embeddable":true,"href":"https:\/\/www.monzalecco.lombardia.cisl.it\/index.php?rest_route=\/wp\/v2\/users\/5"}],"replies":[{"embeddable":true,"href":"https:\/\/www.monzalecco.lombardia.cisl.it\/index.php?rest_route=%2Fwp%2Fv2%2Fcomments&post=3128"}],"version-history":[{"count":1,"href":"https:\/\/www.monzalecco.lombardia.cisl.it\/index.php?rest_route=\/wp\/v2\/posts\/3128\/revisions"}],"predecessor-version":[{"id":3130,"href":"https:\/\/www.monzalecco.lombardia.cisl.it\/index.php?rest_route=\/wp\/v2\/posts\/3128\/revisions\/3130"}],"wp:featuredmedia":[{"embeddable":true,"href":"https:\/\/www.monzalecco.lombardia.cisl.it\/index.php?rest_route=\/wp\/v2\/media\/3129"}],"wp:attachment":[{"href":"https:\/\/www.monzalecco.lombardia.cisl.it\/index.php?rest_route=%2Fwp%2Fv2%2Fmedia&parent=3128"}],"wp:term":[{"taxonomy":"category","embeddable":true,"href":"https:\/\/www.monzalecco.lombardia.cisl.it\/index.php?rest_route=%2Fwp%2Fv2%2Fcategories&post=3128"},{"taxonomy":"post_tag","embeddable":true,"href":"https:\/\/www.monzalecco.lombardia.cisl.it\/index.php?rest_route=%2Fwp%2Fv2%2Ftags&post=3128"}],"curies":[{"name":"wp","href":"https:\/\/api.w.org\/{rel}","templated":true}]}}