{"id":3158,"date":"2018-09-29T12:24:13","date_gmt":"2018-09-29T10:24:13","guid":{"rendered":"http:\/\/www.monzalecco.lombardia.cisl.it\/?p=3158"},"modified":"2018-09-29T12:25:20","modified_gmt":"2018-09-29T10:25:20","slug":"maugeri-incontro-il-2-ottobre","status":"publish","type":"post","link":"https:\/\/www.monzalecco.lombardia.cisl.it\/?p=3158","title":{"rendered":"Maugeri, incontro il 2 ottobre"},"content":{"rendered":"<p>Marted\u00ec 2 ottobre \u00e8 stato organizzato un incontro tra la direzione della Fondazione Maugeri e i rappresentanti sindacali. Si discuter\u00e0 sulla decisione della dirigenza di sostituire, a partire dal 1\u00b0 luglio, il contratto nazionale di lavoro della sanit\u00e0 pubblica con quello della sanit\u00e0 privata.<\/p>\n<p>Questa decisione \u00e8 stata contestata fin dall\u2019inizio dal sindacato che, il 21 settembre, ha organizzato addirittura uno <a href=\"http:\/\/www.monzalecco.lombardia.cisl.it\/?p=3073\">sciopero<\/a> nelle principali sedi della Fondazione.<\/p>\n<p>\u00abLa direzione \u2013 spiega Nicola Turdo, Fp Cisl Mbl \u2013 ci ha assicurato che le condizioni economiche non peggioreranno per i dipendenti. Dall\u2019incontro di marted\u00ec ci aspettiamo risposte serie che ci permettano di capire il perch\u00e9 di questa decisione e gli effetti reali che questa potrebbe avere per l\u2019organico\u00bb.<\/p>\n","protected":false},"excerpt":{"rendered":"<p>Marted\u00ec 2 ottobre \u00e8 stato organizzato un incontro tra la direzione della Fondazione Maugeri e i rappresentanti sindacali. Si discuter\u00e0 sulla decisione della dirigenza di sostituire, a partire dal 1\u00b0 luglio, il contratto nazionale di lavoro della sanit\u00e0 pubblica con quello della sanit\u00e0 privata. Questa decisione \u00e8 stata contestata fin dall\u2019inizio dal sindacato che, il [&hellip;]<\/p>\n","protected":false},"author":5,"featured_media":2716,"comment_status":"closed","ping_status":"open","sticky":false,"template":"","format":"standard","meta":{"footnotes":""},"categories":[1],"tags":[134,133],"class_list":{"0":"post-3158","1":"post","2":"type-post","3":"status-publish","4":"format-standard","5":"has-post-thumbnail","7":"category-notizie","8":"tag-fp","9":"tag-maugeri","10":"czr-hentry"},"_links":{"self":[{"href":"https:\/\/www.monzalecco.lombardia.cisl.it\/index.php?rest_route=\/wp\/v2\/posts\/3158","targetHints":{"allow":["GET"]}}],"collection":[{"href":"https:\/\/www.monzalecco.lombardia.cisl.it\/index.php?rest_route=\/wp\/v2\/posts"}],"about":[{"href":"https:\/\/www.monzalecco.lombardia.cisl.it\/index.php?rest_route=\/wp\/v2\/types\/post"}],"author":[{"embeddable":true,"href":"https:\/\/www.monzalecco.lombardia.cisl.it\/index.php?rest_route=\/wp\/v2\/users\/5"}],"replies":[{"embeddable":true,"href":"https:\/\/www.monzalecco.lombardia.cisl.it\/index.php?rest_route=%2Fwp%2Fv2%2Fcomments&post=3158"}],"version-history":[{"count":1,"href":"https:\/\/www.monzalecco.lombardia.cisl.it\/index.php?rest_route=\/wp\/v2\/posts\/3158\/revisions"}],"predecessor-version":[{"id":3159,"href":"https:\/\/www.monzalecco.lombardia.cisl.it\/index.php?rest_route=\/wp\/v2\/posts\/3158\/revisions\/3159"}],"wp:featuredmedia":[{"embeddable":true,"href":"https:\/\/www.monzalecco.lombardia.cisl.it\/index.php?rest_route=\/wp\/v2\/media\/2716"}],"wp:attachment":[{"href":"https:\/\/www.monzalecco.lombardia.cisl.it\/index.php?rest_route=%2Fwp%2Fv2%2Fmedia&parent=3158"}],"wp:term":[{"taxonomy":"category","embeddable":true,"href":"https:\/\/www.monzalecco.lombardia.cisl.it\/index.php?rest_route=%2Fwp%2Fv2%2Fcategories&post=3158"},{"taxonomy":"post_tag","embeddable":true,"href":"https:\/\/www.monzalecco.lombardia.cisl.it\/index.php?rest_route=%2Fwp%2Fv2%2Ftags&post=3158"}],"curies":[{"name":"wp","href":"https:\/\/api.w.org\/{rel}","templated":true}]}}