{"id":3236,"date":"2018-10-08T13:15:30","date_gmt":"2018-10-08T11:15:30","guid":{"rendered":"http:\/\/www.monzalecco.lombardia.cisl.it\/?p=3236"},"modified":"2018-10-08T13:19:03","modified_gmt":"2018-10-08T11:19:03","slug":"fontana-annunciate-100-assunzioni","status":"publish","type":"post","link":"https:\/\/www.monzalecco.lombardia.cisl.it\/?p=3236","title":{"rendered":"Fontana, annunciate 100 assunzioni"},"content":{"rendered":"<p>La Fontana Pietro di Calolzio, leader mondiale nella costruzione stampi e produzione di carrozzerie per le pi\u00f9 importanti case automobilistiche del mondo, ha annunciato cento nuove assunzioni nei prossimi 12-18 mesi.<\/p>\n<p>\u00abCi troviamo \u2013 spiega, in un\u2019intervista rilasciata a \u201cLa Provincia di Lecco\u201d, il presidente Walter Fontana \u2013di fronte a una grande occasione di crescita, ma abbiamo bisogno di competenze, pi\u00f9 ne troviamo e pi\u00f9 possiamo rafforzare l\u2019occupazione interna e di conseguenza sviluppare l\u2019indotto di tante piccole aziende che lavorano con noi. Ci servono ingegneri, dottori, diplomati e operai. Per le posizioni di punta servono conoscenza di lingue straniere e voglia di emergere e di diventare i migliori. Per le posizioni normali serve la voglia di lavorare e la giusta grinta. Anche le donne sono benvenute. Chi vuole un\u2019occupazione che dia la possibilit\u00e0 di interfacciarsi ogni giorno con i migliori nomi al mondo del settore automotive mandi il curriculum per posta o collegandosi al nostro sito internet\u00bb.<\/p>\n<p>Il piano per le assunzioni alla Fontana prevede 100 ingressi entro la fine del 2019, ma le selezioni sono gi\u00e0 in corso. \u00abLa notizia \u00e8 positiva \u2013 spiega Marco Oreggia, Fim Cisl Mbl -. Non conosciamo per\u00f2 ancora il piano assunzioni. Chiederemo un incontro per capire meglio i dettagli, le modalit\u00e0 e le tempistiche in vista di un possibile accordo tra sindacato e azienda\u00bb.<\/p>\n<p>Nel frattempo la direzione e i sindacalisti hanno siglato un\u2019intesa per rispondere a nuove esigenze di mercato. \u00abAbbiamo appena firmato un accordo per lavorare anche con il secondo turno del sabato per quattro settimane di fila a ottobre \u2013 osserva Oreggia -, perch\u00e9 ci sono incrementi di produzione, legati a una commessa della Rolls Royce, che vanno soddisfatti. Un sacrificio che per\u00f2 \u00e8 ricompensato da un aumento del netto in busta paga\u00bb.<\/p>\n","protected":false},"excerpt":{"rendered":"<p>La Fontana Pietro di Calolzio, leader mondiale nella costruzione stampi e produzione di carrozzerie per le pi\u00f9 importanti case automobilistiche del mondo, ha annunciato cento nuove assunzioni nei prossimi 12-18 mesi. \u00abCi troviamo \u2013 spiega, in un\u2019intervista rilasciata a \u201cLa Provincia di Lecco\u201d, il presidente Walter Fontana \u2013di fronte a una grande occasione di crescita, [&hellip;]<\/p>\n","protected":false},"author":5,"featured_media":3237,"comment_status":"closed","ping_status":"open","sticky":false,"template":"","format":"standard","meta":{"footnotes":""},"categories":[1],"tags":[142,27,141],"class_list":{"0":"post-3236","1":"post","2":"type-post","3":"status-publish","4":"format-standard","5":"has-post-thumbnail","7":"category-notizie","8":"tag-calolziocorte","9":"tag-fim","10":"tag-fontana","11":"czr-hentry"},"_links":{"self":[{"href":"https:\/\/www.monzalecco.lombardia.cisl.it\/index.php?rest_route=\/wp\/v2\/posts\/3236","targetHints":{"allow":["GET"]}}],"collection":[{"href":"https:\/\/www.monzalecco.lombardia.cisl.it\/index.php?rest_route=\/wp\/v2\/posts"}],"about":[{"href":"https:\/\/www.monzalecco.lombardia.cisl.it\/index.php?rest_route=\/wp\/v2\/types\/post"}],"author":[{"embeddable":true,"href":"https:\/\/www.monzalecco.lombardia.cisl.it\/index.php?rest_route=\/wp\/v2\/users\/5"}],"replies":[{"embeddable":true,"href":"https:\/\/www.monzalecco.lombardia.cisl.it\/index.php?rest_route=%2Fwp%2Fv2%2Fcomments&post=3236"}],"version-history":[{"count":3,"href":"https:\/\/www.monzalecco.lombardia.cisl.it\/index.php?rest_route=\/wp\/v2\/posts\/3236\/revisions"}],"predecessor-version":[{"id":3240,"href":"https:\/\/www.monzalecco.lombardia.cisl.it\/index.php?rest_route=\/wp\/v2\/posts\/3236\/revisions\/3240"}],"wp:featuredmedia":[{"embeddable":true,"href":"https:\/\/www.monzalecco.lombardia.cisl.it\/index.php?rest_route=\/wp\/v2\/media\/3237"}],"wp:attachment":[{"href":"https:\/\/www.monzalecco.lombardia.cisl.it\/index.php?rest_route=%2Fwp%2Fv2%2Fmedia&parent=3236"}],"wp:term":[{"taxonomy":"category","embeddable":true,"href":"https:\/\/www.monzalecco.lombardia.cisl.it\/index.php?rest_route=%2Fwp%2Fv2%2Fcategories&post=3236"},{"taxonomy":"post_tag","embeddable":true,"href":"https:\/\/www.monzalecco.lombardia.cisl.it\/index.php?rest_route=%2Fwp%2Fv2%2Ftags&post=3236"}],"curies":[{"name":"wp","href":"https:\/\/api.w.org\/{rel}","templated":true}]}}