{"id":3381,"date":"2018-10-19T09:37:55","date_gmt":"2018-10-19T07:37:55","guid":{"rendered":"http:\/\/www.monzalecco.lombardia.cisl.it\/?p=3381"},"modified":"2018-10-19T09:37:55","modified_gmt":"2018-10-19T07:37:55","slug":"retesalute-noi-la-pensiamo-cosi","status":"publish","type":"post","link":"https:\/\/www.monzalecco.lombardia.cisl.it\/?p=3381","title":{"rendered":"\u00abRetesalute, noi la pensiamo cos\u00ec\u00bb"},"content":{"rendered":"<p>A fronte di quello che la stampa locale ha ormai bollato come \u00abil caso Retesalute\u00bb, la Cisl Monza Brianza Lecco ribadisce le posizioni espresse un anno fa in un documento unitario relativo alla nuova forma di gestione associata dei Servizi sociali nell\u2019Ambito distrettuale di Lecco.<\/p>\n<p>Sgomberando il campo da equivoci, va anzitutto ribadito che non \u00e8 in discussione la qualit\u00e0 dei servizi erogati fino a oggi. Ci\u00f2 detto, il principio della separazione tra funzione programmatoria e funzione gestionale gi\u00e0 stabilito dalle Linee di indirizzo per i Piani di Zona 2015\/17 e dalla L.R. 23 \/2015 (Evoluzione del Sistema Sociosanitario Lombardo) rimane in ogni caso una questione centrale aperta, in vista dell\u2019obiettivo di superare il conflitto potenziale nella coincidenza tra chi progetta e decide strategie ed allocazione di risorse e chi queste strategie deve attuare e queste risorse deve impiegare.<\/p>\n<p>La Cisl Monza Brianza Lecco, pur nel convincimento che siano maturi i tempi per una programmazione unitaria dei Servizi sociali che valga per l\u2019intero territorio, ritiene che le tre distinte forme di gestione negli Ambiti distrettuali di Lecco, Merate e Bellano mantengano la loro ragion d\u2019essere &#8211; al di l\u00e0 delle logiche di mera appartenenza storico-geografica e politica &#8211; solo a due precise condizioni: la prima \u00e8 che a tutti i cittadini siano garantiti omogeneit\u00e0 e qualit\u00e0 dei servizi erogati, indipendentemente dal modello utilizzato, la seconda sta nell\u2019assicurare efficienza, efficacia ed economicit\u00e0 dell\u2019azione amministrativa.<\/p>\n<p>Rimane pertanto prioritario, a fronte del fatto che il territorio provinciale continua a presentare differenze importanti nella disponibilit\u00e0 dei servizi per i cittadini secondo il luogo di residenza, garantire omogeneit\u00e0 e pari opportunit\u00e0 nella fruizione.<\/p>\n<p>\u00abQuesto obiettivo \u2013 afferma Mirco Scaccabarozzi, della Segreteria Cisl Monza Brianza Lecco &#8211; rende ineludibile un costante confronto tra le politiche di indirizzo e la loro gestione, nonch\u00e9 un loro coordinamento\u00bb.<\/p>\n<p>Si rende inoltre necessaria una forte presenza della politica non solo nella fase programmatoria, ma anche nella fase di controllo e verifica della natura e della qualit\u00e0 dei servizi erogati dagli enti gestori dei servizi sul territorio.<\/p>\n<p>\u00abLe diverse soluzioni adottate \u2013 conclude Scaccabarozzi \u2013 devono in ogni caso salvaguardare quantit\u00e0 e qualit\u00e0 dell\u2019occupazione in essere\u00bb.<\/p>\n","protected":false},"excerpt":{"rendered":"<p>A fronte di quello che la stampa locale ha ormai bollato come \u00abil caso Retesalute\u00bb, la Cisl Monza Brianza Lecco ribadisce le posizioni espresse un anno fa in un documento unitario relativo alla nuova forma di gestione associata dei Servizi sociali nell\u2019Ambito distrettuale di Lecco. Sgomberando il campo da equivoci, va anzitutto ribadito che non [&hellip;]<\/p>\n","protected":false},"author":5,"featured_media":3383,"comment_status":"closed","ping_status":"open","sticky":false,"template":"","format":"standard","meta":{"footnotes":""},"categories":[1],"tags":[156],"class_list":{"0":"post-3381","1":"post","2":"type-post","3":"status-publish","4":"format-standard","5":"has-post-thumbnail","7":"category-notizie","8":"tag-retesalute","9":"czr-hentry"},"_links":{"self":[{"href":"https:\/\/www.monzalecco.lombardia.cisl.it\/index.php?rest_route=\/wp\/v2\/posts\/3381","targetHints":{"allow":["GET"]}}],"collection":[{"href":"https:\/\/www.monzalecco.lombardia.cisl.it\/index.php?rest_route=\/wp\/v2\/posts"}],"about":[{"href":"https:\/\/www.monzalecco.lombardia.cisl.it\/index.php?rest_route=\/wp\/v2\/types\/post"}],"author":[{"embeddable":true,"href":"https:\/\/www.monzalecco.lombardia.cisl.it\/index.php?rest_route=\/wp\/v2\/users\/5"}],"replies":[{"embeddable":true,"href":"https:\/\/www.monzalecco.lombardia.cisl.it\/index.php?rest_route=%2Fwp%2Fv2%2Fcomments&post=3381"}],"version-history":[{"count":1,"href":"https:\/\/www.monzalecco.lombardia.cisl.it\/index.php?rest_route=\/wp\/v2\/posts\/3381\/revisions"}],"predecessor-version":[{"id":3382,"href":"https:\/\/www.monzalecco.lombardia.cisl.it\/index.php?rest_route=\/wp\/v2\/posts\/3381\/revisions\/3382"}],"wp:featuredmedia":[{"embeddable":true,"href":"https:\/\/www.monzalecco.lombardia.cisl.it\/index.php?rest_route=\/wp\/v2\/media\/3383"}],"wp:attachment":[{"href":"https:\/\/www.monzalecco.lombardia.cisl.it\/index.php?rest_route=%2Fwp%2Fv2%2Fmedia&parent=3381"}],"wp:term":[{"taxonomy":"category","embeddable":true,"href":"https:\/\/www.monzalecco.lombardia.cisl.it\/index.php?rest_route=%2Fwp%2Fv2%2Fcategories&post=3381"},{"taxonomy":"post_tag","embeddable":true,"href":"https:\/\/www.monzalecco.lombardia.cisl.it\/index.php?rest_route=%2Fwp%2Fv2%2Ftags&post=3381"}],"curies":[{"name":"wp","href":"https:\/\/api.w.org\/{rel}","templated":true}]}}