{"id":3406,"date":"2018-10-24T16:27:34","date_gmt":"2018-10-24T14:27:34","guid":{"rendered":"http:\/\/www.monzalecco.lombardia.cisl.it\/?p=3406"},"modified":"2018-10-31T17:24:29","modified_gmt":"2018-10-31T16:24:29","slug":"cgil-cisl-uil-il-def-va-cambiato","status":"publish","type":"post","link":"https:\/\/www.monzalecco.lombardia.cisl.it\/?p=3406","title":{"rendered":"Cgil, Cisl, Uil: \u00abCambiamo il Def\u00bb"},"content":{"rendered":"<p>\u00c8 mancato il confronto. Mancano interventi strutturali per lo sviluppo e la crescita. Mancano gli investimenti. Tra le poche risorse destinate a ridurre le tasse, non c\u2019\u00e8 niente per il lavoro. I sindacati riuniscono gli esecutivi unitari e fanno il punto sulla manovra in un documento comune, senza lesinare critiche. A partire dal metodo: il confronto, finora completamente assente, deve partire subito. C\u2019\u00e8 ancora spazio per correggere una finanziaria che, \u00abpur rappresentando una prima inversione di tendenza\u00bb rispetto all\u2019austerity, \u00abmostra elementi di inadeguatezza ed \u00e8 carente di una visione del Paese e di un disegno strategico capace di ricomporre e rilanciare le politiche per lo sviluppo sostenibile e il lavoro\u00bb. Manca la visione. E cos\u00ec, anche interventi condivisibili finiscono per risultare monchi. Quelli previdenziali ne sono un esempio. L\u2019apertura di una base di confronto su quota 100 \u00e8 giudicata \u00abpositiva\u00bb, ma, sottolineano Cgil Cisl e Uil, manca \u00abqualunque riferimento alla pensione di garanzia per i giovani, agli interventi in favore delle donne, ai lavoratori precoci e lavori gravosi e alla separazione tra previdenza e assistenza\u00bb.<\/p>\n<p>Se sul fronte pensioni i sindacati hanno molte riserve, su quello fiscale ne hanno meno: la bocciatura \u00e8 netta. Le misure del governo \u00absono inique e sbagliate\u00bb. \u00abSi sceglie di introdurre un nuovo condono premiando gli evasori \u2013 attaccano i sindacati \u2013 e non si riduce l\u2019eccessiva pressione fiscale per i lavoratori e per i pensionati, non si prevedono n\u00e9 una maggiore progressivit\u00e0 delle imposte n\u00e9 interventi sui patrimoni dei pi\u00f9 ricchi e non si programma un deciso contrasto all\u2019evasione\u00bb.<\/p>\n<p>Le poche risorse destinate al fisco, sono indirizzate male. \u00abNel capitolo fisco c\u2019\u00e8 il condono, ma non c\u2019\u00e8 un euro dedicato ai lavoratori dipendenti e ai pensionati \u2013 evidenzia la segretaria generale Cisl, Annamaria Furlan -. L\u2019impostazione fiscale \u00e8 assolutamente da cambiare\u00bb. Il lavoro, dunque, \u00e8 clamorosamente assente dalla manovra. E non solo sul fronte fiscale. \u00abMancano le risorse per gli investimenti \u2013 attaccano i sindacati -, si preannunciano ulteriori tagli e si introducono misure che non determinano creazione di lavoro, ma rischiano di rappresentare mere politiche di assistenza\u00bb. In un\u2019ottica di sviluppo, i sindacati tornano a chiedere di ridurre il costo del lavoro a tempo indeterminato riducendo \u00abstabilmente\u00bb il cuneo contributivo-fiscale e di \u00abstanziare le risorse per il rinnovo dei contratti della Pubblica amministrazione\u00bb.<\/p>\n<p><a href=\"http:\/\/www.monzalecco.lombardia.cisl.it\/wp-content\/uploads\/2018\/10\/PIATTAFORMA-1.pdf\">PIATTAFORMA<\/a><\/p>\n","protected":false},"excerpt":{"rendered":"<p>\u00c8 mancato il confronto. Mancano interventi strutturali per lo sviluppo e la crescita. Mancano gli investimenti. Tra le poche risorse destinate a ridurre le tasse, non c\u2019\u00e8 niente per il lavoro. I sindacati riuniscono gli esecutivi unitari e fanno il punto sulla manovra in un documento comune, senza lesinare critiche. A partire dal metodo: il [&hellip;]<\/p>\n","protected":false},"author":5,"featured_media":3408,"comment_status":"closed","ping_status":"open","sticky":false,"template":"","format":"standard","meta":{"footnotes":""},"categories":[1],"tags":[149,31,164,163,150],"class_list":{"0":"post-3406","1":"post","2":"type-post","3":"status-publish","4":"format-standard","5":"has-post-thumbnail","7":"category-notizie","8":"tag-cgil","9":"tag-cisl","10":"tag-def","11":"tag-piattaforma","12":"tag-uil","13":"czr-hentry"},"_links":{"self":[{"href":"https:\/\/www.monzalecco.lombardia.cisl.it\/index.php?rest_route=\/wp\/v2\/posts\/3406","targetHints":{"allow":["GET"]}}],"collection":[{"href":"https:\/\/www.monzalecco.lombardia.cisl.it\/index.php?rest_route=\/wp\/v2\/posts"}],"about":[{"href":"https:\/\/www.monzalecco.lombardia.cisl.it\/index.php?rest_route=\/wp\/v2\/types\/post"}],"author":[{"embeddable":true,"href":"https:\/\/www.monzalecco.lombardia.cisl.it\/index.php?rest_route=\/wp\/v2\/users\/5"}],"replies":[{"embeddable":true,"href":"https:\/\/www.monzalecco.lombardia.cisl.it\/index.php?rest_route=%2Fwp%2Fv2%2Fcomments&post=3406"}],"version-history":[{"count":5,"href":"https:\/\/www.monzalecco.lombardia.cisl.it\/index.php?rest_route=\/wp\/v2\/posts\/3406\/revisions"}],"predecessor-version":[{"id":3475,"href":"https:\/\/www.monzalecco.lombardia.cisl.it\/index.php?rest_route=\/wp\/v2\/posts\/3406\/revisions\/3475"}],"wp:featuredmedia":[{"embeddable":true,"href":"https:\/\/www.monzalecco.lombardia.cisl.it\/index.php?rest_route=\/wp\/v2\/media\/3408"}],"wp:attachment":[{"href":"https:\/\/www.monzalecco.lombardia.cisl.it\/index.php?rest_route=%2Fwp%2Fv2%2Fmedia&parent=3406"}],"wp:term":[{"taxonomy":"category","embeddable":true,"href":"https:\/\/www.monzalecco.lombardia.cisl.it\/index.php?rest_route=%2Fwp%2Fv2%2Fcategories&post=3406"},{"taxonomy":"post_tag","embeddable":true,"href":"https:\/\/www.monzalecco.lombardia.cisl.it\/index.php?rest_route=%2Fwp%2Fv2%2Ftags&post=3406"}],"curies":[{"name":"wp","href":"https:\/\/api.w.org\/{rel}","templated":true}]}}