{"id":3465,"date":"2018-10-31T16:50:30","date_gmt":"2018-10-31T15:50:30","guid":{"rendered":"http:\/\/www.monzalecco.lombardia.cisl.it\/?p=3465"},"modified":"2018-10-31T16:52:14","modified_gmt":"2018-10-31T15:52:14","slug":"chateaux-dax-lindotto-trema","status":"publish","type":"post","link":"https:\/\/www.monzalecco.lombardia.cisl.it\/?p=3465","title":{"rendered":"Chateaux d&#8217;Ax, c&#8217;\u00e8 timore nell&#8217;indotto"},"content":{"rendered":"<p>Sale la preoccupazione tra i lavoratori dell\u2019indotto della Chateaux d\u2019Ax. La crisi rischia infatti di mettere fuorigioco una serie di imprese del territorio che lavorano per l\u2019azienda di Lentate sul Seveso. \u00abDopo la richiesta di concordato preventivo depositata a met\u00e0 ottobre \u2013 spiega Luigi Puppo della Filca Cisl Mbl -, in alcune societ\u00e0 \u00e8 scattato l\u2019allarme rosso. Alcuni lavoratori sono venuti da noi ci hanno chiesto notizie. C\u2019\u00e8 grande preoccupazione perch\u00e9 si teme che il sistema possa implodere\u00bb.<\/p>\n<p>La Chateaux d&#8217;Ax ha garantito la volont\u00e0 di proseguire l\u2019attivit\u00e0. Il concordato chiesto non precede, come spesso succede, una liquidazione dell\u2019azienda, ma \u00e8 uno strumento che prelude a un tentativo di rilancio. In queste settimane, il Tribunale sta contattando i creditori per verificare la disponibilit\u00e0 ad assecondare il concordato e poi omologarlo.<\/p>\n<p>Non ci sono tempi certi. \u00c8 necessario attendere che la procedura faccia il suo corso cos\u00ec come previsto dalle norme della legge fallimentare. Per i lavoratori, caduta la possibilit\u00e0 di ricorrere alla cassa integrazione ordinaria, si potrebbe aprire l\u2019opzione della una cassa straordinaria o dei contratti di solidariet\u00e0.<\/p>\n<p>\u00abCon la direzione &#8211; conclude Puppo &#8211; ci vedremo non oltre la fine di novembre per verificare la situazione e concordare le mosse per salvaguardare l\u2019occupazione. Monitoreremo anche la situazione delle aziende dell\u2019indotto per capire come possono essere tutelate i posti di lavoro\u00bb.<\/p>\n","protected":false},"excerpt":{"rendered":"<p>Sale la preoccupazione tra i lavoratori dell\u2019indotto della Chateaux d\u2019Ax. La crisi rischia infatti di mettere fuorigioco una serie di imprese del territorio che lavorano per l\u2019azienda di Lentate sul Seveso. \u00abDopo la richiesta di concordato preventivo depositata a met\u00e0 ottobre \u2013 spiega Luigi Puppo della Filca Cisl Mbl -, in alcune societ\u00e0 \u00e8 scattato [&hellip;]<\/p>\n","protected":false},"author":5,"featured_media":3466,"comment_status":"closed","ping_status":"open","sticky":false,"template":"","format":"standard","meta":{"footnotes":""},"categories":[1],"tags":[161,38,162],"class_list":{"0":"post-3465","1":"post","2":"type-post","3":"status-publish","4":"format-standard","5":"has-post-thumbnail","7":"category-notizie","8":"tag-chateaux-dax","9":"tag-filca","10":"tag-lentate-sul-seveso","11":"czr-hentry"},"_links":{"self":[{"href":"https:\/\/www.monzalecco.lombardia.cisl.it\/index.php?rest_route=\/wp\/v2\/posts\/3465","targetHints":{"allow":["GET"]}}],"collection":[{"href":"https:\/\/www.monzalecco.lombardia.cisl.it\/index.php?rest_route=\/wp\/v2\/posts"}],"about":[{"href":"https:\/\/www.monzalecco.lombardia.cisl.it\/index.php?rest_route=\/wp\/v2\/types\/post"}],"author":[{"embeddable":true,"href":"https:\/\/www.monzalecco.lombardia.cisl.it\/index.php?rest_route=\/wp\/v2\/users\/5"}],"replies":[{"embeddable":true,"href":"https:\/\/www.monzalecco.lombardia.cisl.it\/index.php?rest_route=%2Fwp%2Fv2%2Fcomments&post=3465"}],"version-history":[{"count":3,"href":"https:\/\/www.monzalecco.lombardia.cisl.it\/index.php?rest_route=\/wp\/v2\/posts\/3465\/revisions"}],"predecessor-version":[{"id":3469,"href":"https:\/\/www.monzalecco.lombardia.cisl.it\/index.php?rest_route=\/wp\/v2\/posts\/3465\/revisions\/3469"}],"wp:featuredmedia":[{"embeddable":true,"href":"https:\/\/www.monzalecco.lombardia.cisl.it\/index.php?rest_route=\/wp\/v2\/media\/3466"}],"wp:attachment":[{"href":"https:\/\/www.monzalecco.lombardia.cisl.it\/index.php?rest_route=%2Fwp%2Fv2%2Fmedia&parent=3465"}],"wp:term":[{"taxonomy":"category","embeddable":true,"href":"https:\/\/www.monzalecco.lombardia.cisl.it\/index.php?rest_route=%2Fwp%2Fv2%2Fcategories&post=3465"},{"taxonomy":"post_tag","embeddable":true,"href":"https:\/\/www.monzalecco.lombardia.cisl.it\/index.php?rest_route=%2Fwp%2Fv2%2Ftags&post=3465"}],"curies":[{"name":"wp","href":"https:\/\/api.w.org\/{rel}","templated":true}]}}