{"id":3477,"date":"2018-11-02T12:00:56","date_gmt":"2018-11-02T11:00:56","guid":{"rendered":"http:\/\/www.monzalecco.lombardia.cisl.it\/?p=3477"},"modified":"2018-11-02T12:01:45","modified_gmt":"2018-11-02T11:01:45","slug":"4-novembre-riflettiamo-sui-valori-della-pace","status":"publish","type":"post","link":"https:\/\/www.monzalecco.lombardia.cisl.it\/?p=3477","title":{"rendered":"\u00ab4 novembre, riflettiamo sulla pace\u00bb"},"content":{"rendered":"<p><strong>Domenica 4 novembre si celebra il 100\u00b0 anniversario della fine della Prima guerra mondiale. Il conflitto fu una tragedia immane che, tutt&#8217;oggi, ci interroga. Cgil, Cisl e Uil, come sindacati impegnati sul fronte del lavoro e convinti sostenitori dei valori della nonviolenza, hanno deciso di rendere pubblico un documento in cui si chiede che il ricordo sia un&#8217;occasione di riflessione sulla pace che rifiuti i toni della retorica.<\/strong><\/p>\n<p>In occasione del 4 novembre, data dell&#8217;entrata in vigore dell&#8217;armistizio di Villa Giusti (4 novembre 1918), che poneva fine per l\u2019Italia al primo conflitto mondiale, Cgil, Cisl e Uil di Monza e Brianza reputano necessario ribadire le ragioni a difesa della pace come valore assoluto e precondizione indispensabile per lo sviluppo di ogni comunit\u00e0 umana. Il 4 novembre \u00e8 per noi momento di riflessione pi\u00f9 che di celebrazione rituale. Alla <em>pietas<\/em> verso i milioni di lavoratrici e lavoratori deprivati e massacrati nel baratro della Prima guerra mondiale, si accompagna oggi il nostro quotidiano impegno per favorire la coesione e l\u2019inclusione sociale contro ogni istanza divisiva e razzista .<\/p>\n<p><i>POSSA\u00a0<\/i><i>LA SANTIT\u00c0 DEL LAVORO REDENTO<br \/>\nFUGARE E UCCIDERE PER SEMPRE<br \/>\nIL SANGUINANTE SPETTRO DELLA GUERRA<br \/>\nPER NOI E PER TUTTE LE GENTI DEL MONDO.<br \/>\n<\/i><i>Q<\/i><i>UESTA LA SPERANZA E LA MALEDIZIONE NOSTRA<br \/>\nCONTRO CHI LA GUERRA VOLLE E RISOGNA.<\/i><\/p>\n<p><em>Lapide che campeggiava<\/em><br \/>\n<em>sul monumento ai caduti<\/em><br \/>\n<em>di Tolentino (Mc),<\/em><br \/>\n<em>distrutto dalla violenza squadrista nel 1922<\/em><\/p>\n","protected":false},"excerpt":{"rendered":"<p>Domenica 4 novembre si celebra il 100\u00b0 anniversario della fine della Prima guerra mondiale. Il conflitto fu una tragedia immane che, tutt&#8217;oggi, ci interroga. Cgil, Cisl e Uil, come sindacati impegnati sul fronte del lavoro e convinti sostenitori dei valori della nonviolenza, hanno deciso di rendere pubblico un documento in cui si chiede che il [&hellip;]<\/p>\n","protected":false},"author":5,"featured_media":3479,"comment_status":"closed","ping_status":"open","sticky":false,"template":"","format":"standard","meta":{"footnotes":""},"categories":[1],"tags":[174,173],"class_list":{"0":"post-3477","1":"post","2":"type-post","3":"status-publish","4":"format-standard","5":"has-post-thumbnail","7":"category-notizie","8":"tag-nonviolenza","9":"tag-pace","10":"czr-hentry"},"_links":{"self":[{"href":"https:\/\/www.monzalecco.lombardia.cisl.it\/index.php?rest_route=\/wp\/v2\/posts\/3477","targetHints":{"allow":["GET"]}}],"collection":[{"href":"https:\/\/www.monzalecco.lombardia.cisl.it\/index.php?rest_route=\/wp\/v2\/posts"}],"about":[{"href":"https:\/\/www.monzalecco.lombardia.cisl.it\/index.php?rest_route=\/wp\/v2\/types\/post"}],"author":[{"embeddable":true,"href":"https:\/\/www.monzalecco.lombardia.cisl.it\/index.php?rest_route=\/wp\/v2\/users\/5"}],"replies":[{"embeddable":true,"href":"https:\/\/www.monzalecco.lombardia.cisl.it\/index.php?rest_route=%2Fwp%2Fv2%2Fcomments&post=3477"}],"version-history":[{"count":2,"href":"https:\/\/www.monzalecco.lombardia.cisl.it\/index.php?rest_route=\/wp\/v2\/posts\/3477\/revisions"}],"predecessor-version":[{"id":3480,"href":"https:\/\/www.monzalecco.lombardia.cisl.it\/index.php?rest_route=\/wp\/v2\/posts\/3477\/revisions\/3480"}],"wp:featuredmedia":[{"embeddable":true,"href":"https:\/\/www.monzalecco.lombardia.cisl.it\/index.php?rest_route=\/wp\/v2\/media\/3479"}],"wp:attachment":[{"href":"https:\/\/www.monzalecco.lombardia.cisl.it\/index.php?rest_route=%2Fwp%2Fv2%2Fmedia&parent=3477"}],"wp:term":[{"taxonomy":"category","embeddable":true,"href":"https:\/\/www.monzalecco.lombardia.cisl.it\/index.php?rest_route=%2Fwp%2Fv2%2Fcategories&post=3477"},{"taxonomy":"post_tag","embeddable":true,"href":"https:\/\/www.monzalecco.lombardia.cisl.it\/index.php?rest_route=%2Fwp%2Fv2%2Ftags&post=3477"}],"curies":[{"name":"wp","href":"https:\/\/api.w.org\/{rel}","templated":true}]}}