{"id":3488,"date":"2018-11-05T10:05:28","date_gmt":"2018-11-05T09:05:28","guid":{"rendered":"http:\/\/www.monzalecco.lombardia.cisl.it\/?p=3488"},"modified":"2018-11-05T10:06:02","modified_gmt":"2018-11-05T09:06:02","slug":"furlan-la-tragedia-di-andrea-e-la-sicurezza","status":"publish","type":"post","link":"https:\/\/www.monzalecco.lombardia.cisl.it\/?p=3488","title":{"rendered":"\u00abLa tragedia di Andrea e la sicurezza dimenticata\u00bb"},"content":{"rendered":"<p><strong>Pubblichiamo uno stralcio dell&#8217;intervento di\u00a0Annamaria Furlan sul \u00abCorriere della Sera\u00bbsul tema del lavoro e della sicurezza. Chi fosse interessato a leggere il testo integrale, pu\u00f2 cliccare\u00a0<\/strong><a href=\"http:\/\/www.monzalecco.lombardia.cisl.it\/wp-content\/uploads\/2018\/11\/45418608_871642896293515_3646174935040131072_n.pdf\"><strong>qui<\/strong><\/a>.<\/p>\n<p>Ha commosso davvero tutti la vicenda<span class=\"text_exposed_show\">\u00a0straziante di Andrea, morto ad appena 18 anni per un incidente sul lavoro nel parcheggio di un centro commerciale di Milano. Le parole di denuncia su Facebook della sua insegnante devono farci riflettere perch\u00e9 suonano come una pesante sconfitta per tutti: \u201cAndrea non voleva pi\u00f9 continuare a studiare. Lui voleva lavorare, ma quel primo lavoro ce l&#8217;ha portato via\u201d. Nel nostro Paese ogni giorno in media tre persone perdono la vita sul lavoro. Succede in tutti i settori, privati e pubblici, come \u00e8 accaduto qualche mese nell\u2019archivio di stato di Arezzo. \u00c8 una lenta morte collettiva, silenziosa, incrementata dalla precariet\u00e0, dai mancati investimenti in sicurezza, dall\u2019omissione dei controlli. In nome spesso del profitto ottenuto sulla pelle dei lavoratori (&#8230;) Bisognerebbe assumere il tema del lavoro dei giovani e della sua sicurezza come la &#8220;questione nazionale&#8221; su cui misurare la reale e concreta volont\u00e0 ed attenzione della politica ai problemi dei cittadini e dei pi\u00f9 deboli, attraverso norme legislative chiare, con le giuste garanzie della contrattazione tra azienda e sindacati, con pi\u00f9 partecipazione e protagonismo dei lavoratori nelle scelte delle imprese. Questo \u00e8 il modello che vuole la Cisl. (&#8230;) Anche il sindacato deve fare di pi\u00f9: denunciare gli appalti al ribasso, l\u2019eccesso di esternalizzazioni, pretendere il rispetto integrale di tutte le norme sulla sicurezza. C\u2019\u00e8 bisogno di vincoli seri, di discutere sui carichi eccessivi di lavoro e di straordinari, contrattare il lavoro festivo e domenicale, eliminare o ridurre al minimo i rischi per la salute. Dobbiamo farlo per Andrea e per tutti quei giovani che credono ancora nelle potenzialit\u00e0 del nostro paese, nel valore unificante del lavoro e della dignit\u00e0 della persona.<\/span><\/p>\n","protected":false},"excerpt":{"rendered":"<p>Pubblichiamo uno stralcio dell&#8217;intervento di\u00a0Annamaria Furlan sul \u00abCorriere della Sera\u00bbsul tema del lavoro e della sicurezza. Chi fosse interessato a leggere il testo integrale, pu\u00f2 cliccare\u00a0qui. Ha commosso davvero tutti la vicenda\u00a0straziante di Andrea, morto ad appena 18 anni per un incidente sul lavoro nel parcheggio di un centro commerciale di Milano. Le parole di [&hellip;]<\/p>\n","protected":false},"author":5,"featured_media":1567,"comment_status":"closed","ping_status":"open","sticky":false,"template":"","format":"standard","meta":{"footnotes":""},"categories":[1],"tags":[177,176,175],"class_list":{"0":"post-3488","1":"post","2":"type-post","3":"status-publish","4":"format-standard","5":"has-post-thumbnail","7":"category-notizie","8":"tag-annamaria-furlan","9":"tag-lavoro","10":"tag-sicurezza","11":"czr-hentry"},"_links":{"self":[{"href":"https:\/\/www.monzalecco.lombardia.cisl.it\/index.php?rest_route=\/wp\/v2\/posts\/3488","targetHints":{"allow":["GET"]}}],"collection":[{"href":"https:\/\/www.monzalecco.lombardia.cisl.it\/index.php?rest_route=\/wp\/v2\/posts"}],"about":[{"href":"https:\/\/www.monzalecco.lombardia.cisl.it\/index.php?rest_route=\/wp\/v2\/types\/post"}],"author":[{"embeddable":true,"href":"https:\/\/www.monzalecco.lombardia.cisl.it\/index.php?rest_route=\/wp\/v2\/users\/5"}],"replies":[{"embeddable":true,"href":"https:\/\/www.monzalecco.lombardia.cisl.it\/index.php?rest_route=%2Fwp%2Fv2%2Fcomments&post=3488"}],"version-history":[{"count":2,"href":"https:\/\/www.monzalecco.lombardia.cisl.it\/index.php?rest_route=\/wp\/v2\/posts\/3488\/revisions"}],"predecessor-version":[{"id":3492,"href":"https:\/\/www.monzalecco.lombardia.cisl.it\/index.php?rest_route=\/wp\/v2\/posts\/3488\/revisions\/3492"}],"wp:featuredmedia":[{"embeddable":true,"href":"https:\/\/www.monzalecco.lombardia.cisl.it\/index.php?rest_route=\/wp\/v2\/media\/1567"}],"wp:attachment":[{"href":"https:\/\/www.monzalecco.lombardia.cisl.it\/index.php?rest_route=%2Fwp%2Fv2%2Fmedia&parent=3488"}],"wp:term":[{"taxonomy":"category","embeddable":true,"href":"https:\/\/www.monzalecco.lombardia.cisl.it\/index.php?rest_route=%2Fwp%2Fv2%2Fcategories&post=3488"},{"taxonomy":"post_tag","embeddable":true,"href":"https:\/\/www.monzalecco.lombardia.cisl.it\/index.php?rest_route=%2Fwp%2Fv2%2Ftags&post=3488"}],"curies":[{"name":"wp","href":"https:\/\/api.w.org\/{rel}","templated":true}]}}