{"id":3502,"date":"2018-11-07T15:45:40","date_gmt":"2018-11-07T14:45:40","guid":{"rendered":"http:\/\/www.monzalecco.lombardia.cisl.it\/?p=3502"},"modified":"2018-11-08T09:53:09","modified_gmt":"2018-11-08T08:53:09","slug":"iperdi-e-superdi-ce-la-cassa","status":"publish","type":"post","link":"https:\/\/www.monzalecco.lombardia.cisl.it\/?p=3502","title":{"rendered":"IperD\u00ec e SuperD\u00ec, c&#8217;\u00e8 la \u00abcassa\u00bb"},"content":{"rendered":"<p>I 699 dipendenti della catena di supermercati IperD\u00ec e SuperD\u00ec potranno usufruire dalla cassa integrazione guadagni che partir\u00e0 con effetto retroattivo dal 28 settembre 2018 e durer\u00e0 fino al 28 settembre 2019. Questo \u00e8 il primo punto fermo della crisi che ha colpito la Gca General Market, societ\u00e0 proprietaria della rete di 40 negozi.<\/p>\n<p>Rimane aperto il capitolo della cessione di tutta o parte del patrimonio immobiliare e delle attivit\u00e0.\u00a0Quattro punti vendita sarebbero stati ceduti al gruppo Famila che nei giorni scorsi ha mandato i propri tecnici a effettuare verifiche. \u00abOggi, gioved\u00ec 8 novembre &#8211; spiega Francesco Barazzetta, Fisascat Cisl Mbl -, Famila dovrebbe inviare la proposta di assunzione ai dipendenti dei quattro negozi. Le condizioni contrattuali dovrebbero essere le stesse gi\u00e0 applicate finora\u00bb.<\/p>\n<p>Il gruppo Gca ha poi annunciato la vendita di altri undici punti vendita senza per\u00f2 specificare a chi sono stati venduti e i tempi della transazione. Su questo punto, il sottosegretario Davide Crippa ha chiesto ai rappresentanti dell\u2019azienda di essere aggiornato su ogni possibile sviluppo.<\/p>\n<p>\u00abL&#8217;azienda &#8211; conclude Barazzetta &#8211; ha poi palesato la possibilit\u00e0 di presentare domanda per aprire la procedura di concordato preventivo. Si tratta di un passaggio positivo, ma solo se si riesce a recuperare liquidit\u00e0 attraverso la vendita dei negozi. Altrimenti la procedura rischia di sfociare in un fallimento. Come sindacato, se esprimiamo un giudizio positivo per l&#8217;apertura della cassa integrazione, che garantir\u00e0 sostegno ai redditi dei lavoratori, non possiamo che dirci preoccupati per la situazione generale. Non solo la crisi rimane preoccupante, ma ci troviamo ad affrontarla con un datore di lavoro che, spesso, appare evanescente e poco chiaro nelle sua modalit\u00e0 di azione. Seguiremo con attenzione ogni singolo passaggio\u00bb.<\/p>\n","protected":false},"excerpt":{"rendered":"<p>I 699 dipendenti della catena di supermercati IperD\u00ec e SuperD\u00ec potranno usufruire dalla cassa integrazione guadagni che partir\u00e0 con effetto retroattivo dal 28 settembre 2018 e durer\u00e0 fino al 28 settembre 2019. Questo \u00e8 il primo punto fermo della crisi che ha colpito la Gca General Market, societ\u00e0 proprietaria della rete di 40 negozi. Rimane [&hellip;]<\/p>\n","protected":false},"author":5,"featured_media":2946,"comment_status":"closed","ping_status":"open","sticky":false,"template":"","format":"standard","meta":{"footnotes":""},"categories":[1],"tags":[181,101,102,103],"class_list":{"0":"post-3502","1":"post","2":"type-post","3":"status-publish","4":"format-standard","5":"has-post-thumbnail","7":"category-notizie","8":"tag-cassa-integrazione","9":"tag-fisascat","10":"tag-iperdi","11":"tag-superdi","12":"czr-hentry"},"_links":{"self":[{"href":"https:\/\/www.monzalecco.lombardia.cisl.it\/index.php?rest_route=\/wp\/v2\/posts\/3502","targetHints":{"allow":["GET"]}}],"collection":[{"href":"https:\/\/www.monzalecco.lombardia.cisl.it\/index.php?rest_route=\/wp\/v2\/posts"}],"about":[{"href":"https:\/\/www.monzalecco.lombardia.cisl.it\/index.php?rest_route=\/wp\/v2\/types\/post"}],"author":[{"embeddable":true,"href":"https:\/\/www.monzalecco.lombardia.cisl.it\/index.php?rest_route=\/wp\/v2\/users\/5"}],"replies":[{"embeddable":true,"href":"https:\/\/www.monzalecco.lombardia.cisl.it\/index.php?rest_route=%2Fwp%2Fv2%2Fcomments&post=3502"}],"version-history":[{"count":4,"href":"https:\/\/www.monzalecco.lombardia.cisl.it\/index.php?rest_route=\/wp\/v2\/posts\/3502\/revisions"}],"predecessor-version":[{"id":3512,"href":"https:\/\/www.monzalecco.lombardia.cisl.it\/index.php?rest_route=\/wp\/v2\/posts\/3502\/revisions\/3512"}],"wp:featuredmedia":[{"embeddable":true,"href":"https:\/\/www.monzalecco.lombardia.cisl.it\/index.php?rest_route=\/wp\/v2\/media\/2946"}],"wp:attachment":[{"href":"https:\/\/www.monzalecco.lombardia.cisl.it\/index.php?rest_route=%2Fwp%2Fv2%2Fmedia&parent=3502"}],"wp:term":[{"taxonomy":"category","embeddable":true,"href":"https:\/\/www.monzalecco.lombardia.cisl.it\/index.php?rest_route=%2Fwp%2Fv2%2Fcategories&post=3502"},{"taxonomy":"post_tag","embeddable":true,"href":"https:\/\/www.monzalecco.lombardia.cisl.it\/index.php?rest_route=%2Fwp%2Fv2%2Ftags&post=3502"}],"curies":[{"name":"wp","href":"https:\/\/api.w.org\/{rel}","templated":true}]}}