{"id":3523,"date":"2018-11-09T17:11:21","date_gmt":"2018-11-09T16:11:21","guid":{"rendered":"http:\/\/www.monzalecco.lombardia.cisl.it\/?p=3523"},"modified":"2018-11-09T17:16:18","modified_gmt":"2018-11-09T16:16:18","slug":"manovra-economica-attivi-dei-delgati","status":"publish","type":"post","link":"https:\/\/www.monzalecco.lombardia.cisl.it\/?p=3523","title":{"rendered":"Manovra economica, attivi dei delegati"},"content":{"rendered":"<p>C\u2019\u00e8 qualcosa che non va nella manovra economica elaborata del Governo. Lacune gravi e vistose, secondo l\u2019opinione di Cgil Cisl Uil. Che, per correggere la rotta, propongono misure destinate a rendere pi\u00f9 equo e certo il futuro del Paese.<\/p>\n<p>Di questo si discuter\u00e0 nell\u2019attivo unitario sul tema \u00abLa manovra economica del Governo e il documento unitario Cgil Cisl Uil\u00bb, organizzato dai sindacati confederali mercoled\u00ec 14 novembre a Monza (ore 9, Teatro Binario 7) e il 16 novembre a Lecco (ore 9, Espe). A Monza parteciperanno all\u2019incontro con i delegati sindacali Angela Mondellini, segretaria Cgil Monza Brianza, Rita Pavan, segretaria Cisl Monza Brianza Lecco, Abele Parente, segretario Uil Monza Brianza. Le conclusioni saranno affidate a Ivana Veronese, segretaria nazionale Uil. A Lecco, Diego Riva, segretario generale Cgil Lecco, Rita Pavan, segrataria generale Cisl Monza Brianza Lecco, Salvatore Monteduro, segretario generale Uil del Lario. Le conclusioni saranno affidate a Angelo Colombini, segretario nazionale Cisl.<\/p>\n<p>\u00abLa manovra del Governo, pur rappresentando una prima inversione di tendenza \u2013 sottolineano Cgil Cisl Uil nel documento che indica le priorit\u00e0 della Legge di bilancio 2019 &#8211; mostra elementi di inadeguatezza ed \u00e8 carente di una visione del Paese e di un disegno strategico che sia capace di ricomporre e rilanciare le politiche pubbliche finalizzate allo sviluppo sostenibile e al lavoro. L\u2019utilizzo degli oltre 22 miliardi di spesa previsti in deficit dalla manovra deve essere finalizzato a nuove politiche che mettano al centro il lavoro e la sua qualit\u00e0, in particolare per i giovani e le donne, che siano in grado di contrastare l\u2019esclusione sociale e la povert\u00e0; che determinino processi redistributivi e di coesione nel Mezzogiorno; che prevedano investimenti in infrastrutture materiali e sociali; innovazione, scuola, formazione e ricerca, prevenzione e messa in sicurezza del territorio e che sostengano le politiche industriali. La manovra traccia, invece, un percorso diverso: mancano le risorse per gli investimenti poich\u00e9 si privilegia invece la spesa corrente, si preannunciano ulteriori tagli e si introducono misure che non determinano creazione di lavoro, ma rischiano di rappresentare mere politiche di assistenza. Il contrasto alla povert\u00e0 \u00e8 senza dubbio una priorit\u00e0 per il Paese, ma la povert\u00e0 non si combatte se non c\u2019\u00e8 lavoro e non si rafforzano le grandi reti pubbliche del Paese: sanit\u00e0, istruzione e servizi all&#8217;infanzia e assistenza. Del tutto assenti sono i riferimenti all\u2019innovazione nella Pubblica Amministrazione e al rinnovo dei contratti in essere e di quelli futuri\u00bb.<\/p>\n<p><strong>Il volantino con le richieste presentate da Cgil, Cisl e Uil<\/strong><\/p>\n<p>&nbsp;<\/p>\n<div id='gallery-1' class='czr-gallery row flex-row czr-gallery-style gallery galleryid-3523 gallery-columns-3 gallery-size-thumbnail'><figure class='gallery-item col col-auto'>\r\n                        <div class='gallery-icon portrait czr-gallery-icon'>\r\n                              <a href=https:\/\/www.monzalecco.lombardia.cisl.it\/?attachment_id=3524 class=\"bg-link\"><\/a><img loading=\"lazy\" decoding=\"async\" width=\"150\" height=\"150\" src=\"https:\/\/www.monzalecco.lombardia.cisl.it\/wp-content\/uploads\/2018\/11\/Pagina-01-150x150.jpg\" class=\"attachment-thumbnail size-thumbnail\" alt=\"\" sizes=\"auto, (min-width: 1200px) 255px, (min-width: 992px) 210px, (min-width: 576px) 150px, calc( 50vw - 30px )\" srcset=\"https:\/\/www.monzalecco.lombardia.cisl.it\/wp-content\/uploads\/2018\/11\/Pagina-01-150x150.jpg 150w, https:\/\/www.monzalecco.lombardia.cisl.it\/wp-content\/uploads\/2018\/11\/Pagina-01-510x510.jpg 510w\" \/><div class=\"post-action btn btn-skin-dark-shaded inverted\"><a href=\"https:\/\/www.monzalecco.lombardia.cisl.it\/wp-content\/uploads\/2018\/11\/Pagina-01.jpg\" class=\"icn-expand\" data-lb-type=\"grouped-gallery\"><\/a><\/div>\r\n                        <\/div><\/figure><figure class='gallery-item col col-auto'>\r\n                        <div class='gallery-icon portrait czr-gallery-icon'>\r\n                              <a href=https:\/\/www.monzalecco.lombardia.cisl.it\/?attachment_id=3525 class=\"bg-link\"><\/a><img loading=\"lazy\" decoding=\"async\" width=\"150\" height=\"150\" src=\"https:\/\/www.monzalecco.lombardia.cisl.it\/wp-content\/uploads\/2018\/11\/Pagina-02-150x150.jpg\" class=\"attachment-thumbnail size-thumbnail\" alt=\"\" sizes=\"auto, (min-width: 1200px) 255px, (min-width: 992px) 210px, (min-width: 576px) 150px, calc( 50vw - 30px )\" srcset=\"https:\/\/www.monzalecco.lombardia.cisl.it\/wp-content\/uploads\/2018\/11\/Pagina-02-150x150.jpg 150w, https:\/\/www.monzalecco.lombardia.cisl.it\/wp-content\/uploads\/2018\/11\/Pagina-02-510x510.jpg 510w\" \/><div class=\"post-action btn btn-skin-dark-shaded inverted\"><a href=\"https:\/\/www.monzalecco.lombardia.cisl.it\/wp-content\/uploads\/2018\/11\/Pagina-02.jpg\" class=\"icn-expand\" data-lb-type=\"grouped-gallery\"><\/a><\/div>\r\n                        <\/div><\/figure><figure class='gallery-item col col-auto'>\r\n                        <div class='gallery-icon portrait czr-gallery-icon'>\r\n                              <a href=https:\/\/www.monzalecco.lombardia.cisl.it\/?attachment_id=3526 class=\"bg-link\"><\/a><img loading=\"lazy\" decoding=\"async\" width=\"150\" height=\"150\" src=\"https:\/\/www.monzalecco.lombardia.cisl.it\/wp-content\/uploads\/2018\/11\/Pagina-03-150x150.jpg\" class=\"attachment-thumbnail size-thumbnail\" alt=\"\" sizes=\"auto, (min-width: 1200px) 255px, (min-width: 992px) 210px, (min-width: 576px) 150px, calc( 50vw - 30px )\" srcset=\"https:\/\/www.monzalecco.lombardia.cisl.it\/wp-content\/uploads\/2018\/11\/Pagina-03-150x150.jpg 150w, https:\/\/www.monzalecco.lombardia.cisl.it\/wp-content\/uploads\/2018\/11\/Pagina-03-510x510.jpg 510w\" \/><div class=\"post-action btn btn-skin-dark-shaded inverted\"><a href=\"https:\/\/www.monzalecco.lombardia.cisl.it\/wp-content\/uploads\/2018\/11\/Pagina-03.jpg\" class=\"icn-expand\" data-lb-type=\"grouped-gallery\"><\/a><\/div>\r\n                        <\/div><\/figure><figure class='gallery-item col col-auto'>\r\n                        <div class='gallery-icon portrait czr-gallery-icon'>\r\n                              <a href=https:\/\/www.monzalecco.lombardia.cisl.it\/?attachment_id=3527 class=\"bg-link\"><\/a><img loading=\"lazy\" decoding=\"async\" width=\"150\" height=\"150\" src=\"https:\/\/www.monzalecco.lombardia.cisl.it\/wp-content\/uploads\/2018\/11\/Pagina-04-150x150.jpg\" class=\"attachment-thumbnail size-thumbnail\" alt=\"\" sizes=\"auto, (min-width: 1200px) 255px, (min-width: 992px) 210px, (min-width: 576px) 150px, calc( 50vw - 30px )\" srcset=\"https:\/\/www.monzalecco.lombardia.cisl.it\/wp-content\/uploads\/2018\/11\/Pagina-04-150x150.jpg 150w, https:\/\/www.monzalecco.lombardia.cisl.it\/wp-content\/uploads\/2018\/11\/Pagina-04-510x510.jpg 510w\" \/><div class=\"post-action btn btn-skin-dark-shaded inverted\"><a href=\"https:\/\/www.monzalecco.lombardia.cisl.it\/wp-content\/uploads\/2018\/11\/Pagina-04.jpg\" class=\"icn-expand\" data-lb-type=\"grouped-gallery\"><\/a><\/div>\r\n                        <\/div><\/figure>\r\n                  <\/div>\n\n","protected":false},"excerpt":{"rendered":"<p>C\u2019\u00e8 qualcosa che non va nella manovra economica elaborata del Governo. Lacune gravi e vistose, secondo l\u2019opinione di Cgil Cisl Uil. Che, per correggere la rotta, propongono misure destinate a rendere pi\u00f9 equo e certo il futuro del Paese. Di questo si discuter\u00e0 nell\u2019attivo unitario sul tema \u00abLa manovra economica del Governo e il documento [&hellip;]<\/p>\n","protected":false},"author":5,"featured_media":3528,"comment_status":"closed","ping_status":"open","sticky":false,"template":"","format":"standard","meta":{"footnotes":""},"categories":[1],"tags":[149,31,164,150],"class_list":{"0":"post-3523","1":"post","2":"type-post","3":"status-publish","4":"format-standard","5":"has-post-thumbnail","7":"category-notizie","8":"tag-cgil","9":"tag-cisl","10":"tag-def","11":"tag-uil","12":"czr-hentry"},"_links":{"self":[{"href":"https:\/\/www.monzalecco.lombardia.cisl.it\/index.php?rest_route=\/wp\/v2\/posts\/3523","targetHints":{"allow":["GET"]}}],"collection":[{"href":"https:\/\/www.monzalecco.lombardia.cisl.it\/index.php?rest_route=\/wp\/v2\/posts"}],"about":[{"href":"https:\/\/www.monzalecco.lombardia.cisl.it\/index.php?rest_route=\/wp\/v2\/types\/post"}],"author":[{"embeddable":true,"href":"https:\/\/www.monzalecco.lombardia.cisl.it\/index.php?rest_route=\/wp\/v2\/users\/5"}],"replies":[{"embeddable":true,"href":"https:\/\/www.monzalecco.lombardia.cisl.it\/index.php?rest_route=%2Fwp%2Fv2%2Fcomments&post=3523"}],"version-history":[{"count":4,"href":"https:\/\/www.monzalecco.lombardia.cisl.it\/index.php?rest_route=\/wp\/v2\/posts\/3523\/revisions"}],"predecessor-version":[{"id":3532,"href":"https:\/\/www.monzalecco.lombardia.cisl.it\/index.php?rest_route=\/wp\/v2\/posts\/3523\/revisions\/3532"}],"wp:featuredmedia":[{"embeddable":true,"href":"https:\/\/www.monzalecco.lombardia.cisl.it\/index.php?rest_route=\/wp\/v2\/media\/3528"}],"wp:attachment":[{"href":"https:\/\/www.monzalecco.lombardia.cisl.it\/index.php?rest_route=%2Fwp%2Fv2%2Fmedia&parent=3523"}],"wp:term":[{"taxonomy":"category","embeddable":true,"href":"https:\/\/www.monzalecco.lombardia.cisl.it\/index.php?rest_route=%2Fwp%2Fv2%2Fcategories&post=3523"},{"taxonomy":"post_tag","embeddable":true,"href":"https:\/\/www.monzalecco.lombardia.cisl.it\/index.php?rest_route=%2Fwp%2Fv2%2Ftags&post=3523"}],"curies":[{"name":"wp","href":"https:\/\/api.w.org\/{rel}","templated":true}]}}