{"id":3581,"date":"2018-11-16T16:38:09","date_gmt":"2018-11-16T15:38:09","guid":{"rendered":"http:\/\/www.monzalecco.lombardia.cisl.it\/?p=3581"},"modified":"2018-11-16T16:39:59","modified_gmt":"2018-11-16T15:39:59","slug":"cambiare-la-manovra-si-punti-su-formazione-e-crescita","status":"publish","type":"post","link":"https:\/\/www.monzalecco.lombardia.cisl.it\/?p=3581","title":{"rendered":"\u00abManovra, si punti su formazione e crescita\u00bb"},"content":{"rendered":"<p>\u00abStiamo chiedendo al Governo di cambiare la manovra, ma non riusciamo ad avere un incontro ufficiale con Di Maio e Salvini\u00bb: Angelo Colombini, Segretario Confederale della Cisl, ospite a Lecco per l&#8217;incontro unitario di Cgil, Cisl e Uil sulla Legge di Stabilit\u00e0, chiarisce le difficolt\u00e0 per le parti sociali di incidere sulla prossima legge di bilancio.<\/p>\n<p>\u00abA oggi &#8211; continua Colombini &#8211; abbiamo avuto solo incontri informali. Sulle varie vertenze il rapporto c&#8217;\u00e8 ed \u00e8 buono, ma sulla finanziaria invece \u00e8 tutto chiuso e non c&#8217;\u00e8 la possibilit\u00e0 di interloquire con l&#8217;Esecutivo. Per esempio, il Governo deve riprendere in mano tutta la questione di Industria 4.0: rilanciare gli investimenti sia sul superammortamento sia sul credito di imposta per innovazione e formazione, dove invece ha tagliato i fondi. Dobbiamo rilanciare la formazione perch\u00e9 dentro le nuove tecnologie i lavoratori devono potersi aggiornare. Inoltre \u00e8 stato tagliato sull&#8217;alternanza scuola-lavoro, che \u00e8 molto importante per i nostri giovani\u00bb.<\/p>\n<p>Colombini critica anche la misura del Reddito di cittadinanza: \u00abIl lavoro al Nord lo si potrebbe anche trovare, al Sud invece si fa fatica. Questo sia perch\u00e9 molte imprese nel Meridione hanno chiuso, sia perch\u00e9 gli investimenti al Sud fanno fatica a essere ricollocati, sia perch\u00e9 il reddito di cittadinanza introduce una mentalit\u00e0 assistenzialistica. I centri per l&#8217;impiego solo in alcune zone del Nord potrebbero riuscire a trovare tre proposte di lavoro, altrove \u00e8 molto difficile che accada. Quindi \u00e8 necessario investire continuamente al Sud per ricreare queste opportunit\u00e0\u00bb.<\/p>\n<p>E l&#8217;esempio portato dall&#8217;esponente della Cisl \u00e8 quello dell&#8217;Ilva di Taranto: \u00abAbbiamo fatto un accordo per un investimento che permetter\u00e0 di produrre l&#8217;acciaio con un ambiente qualificato: oltre un miliardo e 125 milioni sulla sicurezza e l&#8217;ambiente vuol dire tanto, un miliardo e 300 milioni sulla politica industriale dell&#8217;Ilva vuol dire tantissimo. Pe quel che riguarda Quota 100 per le pensioni noi siamo d&#8217;accordo, ma si devono tenere in considerazione le questioni delle maternit\u00e0, dei giovani, dello strumento della Naspi e di tutti quei lavori difficoltosi che erano presenti nell&#8217;accordo con il precedente Governo, magari con un prepensionamento per chi lavora nell&#8217;amianto\u00bb.<\/p>\n<p>Pi\u00f9 lavoro, dunque, per combattere la povert\u00e0: \u00abAnche a Lecco \u2013 ha detto a nome di Cgil, Cisl e Uil Diego Riva della Cgil Lecco &#8211; negli ultimi dieci anni abbiamo avuto grandi difficolt\u00e0, ma per risolvere il problema della povert\u00e0 non sono sufficienti le misure assistenziali. La povert\u00e0 si contrasta con il lavoro, l&#8217;equit\u00e0 fiscale, facendo emergere l&#8217;illegalit\u00e0. E allora i temi sono quelli dell&#8217;universalit\u00e0 e della solidariet\u00e0: il meccanismo delle aliquote va migliorato ma il criterio base deve rimanere quello progressivo; quando si ha un&#8217;evasione fiscale come quella che c&#8217;\u00e8 in Italia risulta difficile accettare dei condoni; pensiamo si debba applicare la tassazione alla fonte anche ad altri, come succede a pensionati e lavoratori dipendenti; servono banche dati per controlli ogni 5 anni e aliquote minime europee. E poi sulle agevolazioni alle imprese vogliamo trasparenza, vogliamo capire come vengono utilizzati questi soldi e che vantaggi portano al sistema Paese\u00bb.<\/p>\n<p>(estratto da <a href=\"http:\/\/www.resegoneonline.it\/articoli\/i-sindacati-cambiare-la-manovra-si-punti-su-formazione-e-crescita-20181116\/\">resegoneonline.it<\/a>)<\/p>\n","protected":false},"excerpt":{"rendered":"<p>\u00abStiamo chiedendo al Governo di cambiare la manovra, ma non riusciamo ad avere un incontro ufficiale con Di Maio e Salvini\u00bb: Angelo Colombini, Segretario Confederale della Cisl, ospite a Lecco per l&#8217;incontro unitario di Cgil, Cisl e Uil sulla Legge di Stabilit\u00e0, chiarisce le difficolt\u00e0 per le parti sociali di incidere sulla prossima legge di [&hellip;]<\/p>\n","protected":false},"author":5,"featured_media":3582,"comment_status":"closed","ping_status":"open","sticky":false,"template":"","format":"standard","meta":{"footnotes":""},"categories":[1],"tags":[191,149,31,95,190,150],"class_list":{"0":"post-3581","1":"post","2":"type-post","3":"status-publish","4":"format-standard","5":"has-post-thumbnail","7":"category-notizie","8":"tag-bilancio","9":"tag-cgil","10":"tag-cisl","11":"tag-lecco","12":"tag-manovra","13":"tag-uil","14":"czr-hentry"},"_links":{"self":[{"href":"https:\/\/www.monzalecco.lombardia.cisl.it\/index.php?rest_route=\/wp\/v2\/posts\/3581","targetHints":{"allow":["GET"]}}],"collection":[{"href":"https:\/\/www.monzalecco.lombardia.cisl.it\/index.php?rest_route=\/wp\/v2\/posts"}],"about":[{"href":"https:\/\/www.monzalecco.lombardia.cisl.it\/index.php?rest_route=\/wp\/v2\/types\/post"}],"author":[{"embeddable":true,"href":"https:\/\/www.monzalecco.lombardia.cisl.it\/index.php?rest_route=\/wp\/v2\/users\/5"}],"replies":[{"embeddable":true,"href":"https:\/\/www.monzalecco.lombardia.cisl.it\/index.php?rest_route=%2Fwp%2Fv2%2Fcomments&post=3581"}],"version-history":[{"count":3,"href":"https:\/\/www.monzalecco.lombardia.cisl.it\/index.php?rest_route=\/wp\/v2\/posts\/3581\/revisions"}],"predecessor-version":[{"id":3585,"href":"https:\/\/www.monzalecco.lombardia.cisl.it\/index.php?rest_route=\/wp\/v2\/posts\/3581\/revisions\/3585"}],"wp:featuredmedia":[{"embeddable":true,"href":"https:\/\/www.monzalecco.lombardia.cisl.it\/index.php?rest_route=\/wp\/v2\/media\/3582"}],"wp:attachment":[{"href":"https:\/\/www.monzalecco.lombardia.cisl.it\/index.php?rest_route=%2Fwp%2Fv2%2Fmedia&parent=3581"}],"wp:term":[{"taxonomy":"category","embeddable":true,"href":"https:\/\/www.monzalecco.lombardia.cisl.it\/index.php?rest_route=%2Fwp%2Fv2%2Fcategories&post=3581"},{"taxonomy":"post_tag","embeddable":true,"href":"https:\/\/www.monzalecco.lombardia.cisl.it\/index.php?rest_route=%2Fwp%2Fv2%2Ftags&post=3581"}],"curies":[{"name":"wp","href":"https:\/\/api.w.org\/{rel}","templated":true}]}}