{"id":3589,"date":"2018-11-17T12:15:52","date_gmt":"2018-11-17T11:15:52","guid":{"rendered":"http:\/\/www.monzalecco.lombardia.cisl.it\/?p=3589"},"modified":"2018-11-17T12:33:50","modified_gmt":"2018-11-17T11:33:50","slug":"linkra-compel-estesa-la-cassa","status":"publish","type":"post","link":"https:\/\/www.monzalecco.lombardia.cisl.it\/?p=3589","title":{"rendered":"Linkra Compel, estesa la \u00abcassa\u00bb?"},"content":{"rendered":"<p>Avviata la procedura di licenziamento per i 222 lavoratori della Linkra Compel di Agrate Brianza e Cornate d\u2019Adda. Attualmente le due aziende sono in amministrazione straordinaria e i lavoratori sono in cassa integrazione straordinaria. La \u00abcassa\u00bb scade per\u00f2 il 15 gennaio e il commissario che gestisce l\u2019amministrazione straordinaria delle due societ\u00e0 ha dovuto avviare l\u2019iter che porta alla fine degli ammortizzatori sociali e al licenziamento dei dipendenti.<\/p>\n<p>\u00abDavanti a questa situazione &#8211; spiega Gabriele Fiore, Fim Cisl Mbl &#8211; come sindacato abbiamo chiesto, nell\u2019incontro che si \u00e8 tenuto ieri, 16 novembre, con il commissario, se \u00e8 possibile un ulteriore ricorso alla cassa integrazione di dodici mesi come previsto dal nuovo decreto sulla cessazione di attivit\u00e0. Ma anche se i 147 dipendenti ora distaccati (e che non fanno parte dei 222) verranno o meno assunti dalla Cordon. Se si proceder\u00e0 all\u2019assunzione, almeno per loro si potr\u00e0 evitare la cig\u00bb.<\/p>\n<p>Sull\u2019assunzione alla Cordon, il commissario ha risposto di essere in attesa del via libera del ministero per lo Sviluppo economico per il bando per la cessazione di ramo d\u2019azienda. L\u2019ok potrebbe arrivare per\u00f2 dopo il 15 gennaio, data di scadenza della cassa integrazione, cos\u00ec molto probabilmente ci sar\u00e0 un\u2019estensione della cig per tutti i lavoratori.<\/p>\n<p>\u00abA dicembre &#8211; conclude Fiore &#8211; verificheremo la durata della prima proroga con la decorrenza 15 gennaio, probabilmente per alcuni mesi. Abbiamo inoltre richiesto la possibilit\u00e0 di ricorrere a ulteriori 12 mesi previsti dalla nuova normativa. Come sindacato continueremo a seguire la vertenza. Nel frattempo, marted\u00ec 27 novembre (ore 14,30) si terr\u00e0 nella sala consigliare del Comune di Agrate Brianza un\u2019assemblea nel corso della quale spiegheremo ai lavoratori tutti i dettagli dell\u2019incontro e le prospettive future\u00bb.<\/p>\n","protected":false},"excerpt":{"rendered":"<p>Avviata la procedura di licenziamento per i 222 lavoratori della Linkra Compel di Agrate Brianza e Cornate d\u2019Adda. Attualmente le due aziende sono in amministrazione straordinaria e i lavoratori sono in cassa integrazione straordinaria. La \u00abcassa\u00bb scade per\u00f2 il 15 gennaio e il commissario che gestisce l\u2019amministrazione straordinaria delle due societ\u00e0 ha dovuto avviare l\u2019iter [&hellip;]<\/p>\n","protected":false},"author":5,"featured_media":1354,"comment_status":"closed","ping_status":"open","sticky":false,"template":"","format":"standard","meta":{"footnotes":""},"categories":[1],"tags":[181,193,27,192],"class_list":{"0":"post-3589","1":"post","2":"type-post","3":"status-publish","4":"format-standard","5":"has-post-thumbnail","7":"category-notizie","8":"tag-cassa-integrazione","9":"tag-compel","10":"tag-fim","11":"tag-linkra","12":"czr-hentry"},"_links":{"self":[{"href":"https:\/\/www.monzalecco.lombardia.cisl.it\/index.php?rest_route=\/wp\/v2\/posts\/3589","targetHints":{"allow":["GET"]}}],"collection":[{"href":"https:\/\/www.monzalecco.lombardia.cisl.it\/index.php?rest_route=\/wp\/v2\/posts"}],"about":[{"href":"https:\/\/www.monzalecco.lombardia.cisl.it\/index.php?rest_route=\/wp\/v2\/types\/post"}],"author":[{"embeddable":true,"href":"https:\/\/www.monzalecco.lombardia.cisl.it\/index.php?rest_route=\/wp\/v2\/users\/5"}],"replies":[{"embeddable":true,"href":"https:\/\/www.monzalecco.lombardia.cisl.it\/index.php?rest_route=%2Fwp%2Fv2%2Fcomments&post=3589"}],"version-history":[{"count":3,"href":"https:\/\/www.monzalecco.lombardia.cisl.it\/index.php?rest_route=\/wp\/v2\/posts\/3589\/revisions"}],"predecessor-version":[{"id":3592,"href":"https:\/\/www.monzalecco.lombardia.cisl.it\/index.php?rest_route=\/wp\/v2\/posts\/3589\/revisions\/3592"}],"wp:featuredmedia":[{"embeddable":true,"href":"https:\/\/www.monzalecco.lombardia.cisl.it\/index.php?rest_route=\/wp\/v2\/media\/1354"}],"wp:attachment":[{"href":"https:\/\/www.monzalecco.lombardia.cisl.it\/index.php?rest_route=%2Fwp%2Fv2%2Fmedia&parent=3589"}],"wp:term":[{"taxonomy":"category","embeddable":true,"href":"https:\/\/www.monzalecco.lombardia.cisl.it\/index.php?rest_route=%2Fwp%2Fv2%2Fcategories&post=3589"},{"taxonomy":"post_tag","embeddable":true,"href":"https:\/\/www.monzalecco.lombardia.cisl.it\/index.php?rest_route=%2Fwp%2Fv2%2Ftags&post=3589"}],"curies":[{"name":"wp","href":"https:\/\/api.w.org\/{rel}","templated":true}]}}