{"id":3604,"date":"2018-11-19T16:58:13","date_gmt":"2018-11-19T15:58:13","guid":{"rendered":"http:\/\/www.monzalecco.lombardia.cisl.it\/?p=3604"},"modified":"2018-11-19T17:00:11","modified_gmt":"2018-11-19T16:00:11","slug":"sindacare-la-cisl-tutela-i-tuoi-diritti","status":"publish","type":"post","link":"https:\/\/www.monzalecco.lombardia.cisl.it\/?p=3604","title":{"rendered":"\u00abSindaCare\u00bb, la Cisl tutela i tuoi diritti"},"content":{"rendered":"<p>\u00c8 sorto un problema sul tuo posto di lavoro?\u00a0 Non riesci a far valere i tuoi diritti?<br \/>\nVieni in Cisl. Nelle nostre sedi troverai i servizi offerti da \u00abSindaCare\u00bb e, in particolare, informazione e consulenza ai lavoratori per risolvere dubbi interpretativi relativi al contratto di lavoro; assistenza legale in caso di vertenze individuali sorte con il proprio datore di lavoro.<\/p>\n<p>\u00abSindaCare\u00bb ti aiuta a superare le difficolt\u00e0 che possono insorgere nel tuo rapporto di lavoro, attraverso i canali della conciliazione. Quando, per\u00f2, il problema con il datore di lavoro \u00e8 ormai insanabile e giungere a una conciliazione non \u00e8 pi\u00f9 possibile, \u00abSindaCare\u00bb con i suoi avvocati apre una vertenza e la gestisce direttamente per conto del lavoratore, sollevandolo da questo peso.<br \/>\nLe cause all&#8217;origine della vertenza sono generalmente la precariet\u00e0 delle condizioni lavorative e l&#8217;irregolarit\u00e0 o l&#8217;assenza di un contratto di lavoro. In particolare, \u00abSindaCare\u00bb sostiene il lavoratore in situazioni quali: controllo delle buste paga,\u00a0impugnazione dei licenziamenti,\u00a0procedure concorsuali e fallimenti<br \/>\nrecupero crediti da lavoro,\u00a0recupero inadempienze contrattuali,\u00a0controversie disciplinari,\u00a0danno biologico, emersione del lavoro nero,\u00a0mobbing, assistenza penale ai lavoratori extracomunitari,\u00a0assistenza penale ai lavoratori infortunati.<\/p>\n<p>A \u00abSindaCare\u00bb possono rivolgersi i dipendenti pubblici e privati con rapporto di lavoro subordinato, ma anche i\u00a0lavoratori atipici, i precari, i collaboratori e tutti coloro che operano sulla base di un contratto individuale, i\u00a0lavoratori che non hanno avuto la regolarizzazione del loro rapporto di lavoro.<\/p>\n<p>Contatta la Cisl e chiedi informazioni: Cisl Monza, via Dante 17\/a,\u00a0 tel. 03923991, fax: 0392300756, e-mail\u00a0<a href=\"mailto:ust.monzalecco@cisl.it\">ust.monzalecco@cisl.it<\/a>: Cisl Lecco, via Besonda 11,\u00a0tel. 0341275555, fax 0341275700, e.mail\u00a0<a href=\"mailto:ust.monzalecco@cisl.it\">ust.monzalecco@cisl.it<\/a><\/p>\n","protected":false},"excerpt":{"rendered":"<p>\u00c8 sorto un problema sul tuo posto di lavoro?\u00a0 Non riesci a far valere i tuoi diritti? Vieni in Cisl. Nelle nostre sedi troverai i servizi offerti da \u00abSindaCare\u00bb e, in particolare, informazione e consulenza ai lavoratori per risolvere dubbi interpretativi relativi al contratto di lavoro; assistenza legale in caso di vertenze individuali sorte con [&hellip;]<\/p>\n","protected":false},"author":5,"featured_media":3607,"comment_status":"closed","ping_status":"open","sticky":false,"template":"","format":"standard","meta":{"footnotes":""},"categories":[1],"tags":[31,195,196],"class_list":{"0":"post-3604","1":"post","2":"type-post","3":"status-publish","4":"format-standard","5":"has-post-thumbnail","7":"category-notizie","8":"tag-cisl","9":"tag-sindacare","10":"tag-vertenza","11":"czr-hentry"},"_links":{"self":[{"href":"https:\/\/www.monzalecco.lombardia.cisl.it\/index.php?rest_route=\/wp\/v2\/posts\/3604","targetHints":{"allow":["GET"]}}],"collection":[{"href":"https:\/\/www.monzalecco.lombardia.cisl.it\/index.php?rest_route=\/wp\/v2\/posts"}],"about":[{"href":"https:\/\/www.monzalecco.lombardia.cisl.it\/index.php?rest_route=\/wp\/v2\/types\/post"}],"author":[{"embeddable":true,"href":"https:\/\/www.monzalecco.lombardia.cisl.it\/index.php?rest_route=\/wp\/v2\/users\/5"}],"replies":[{"embeddable":true,"href":"https:\/\/www.monzalecco.lombardia.cisl.it\/index.php?rest_route=%2Fwp%2Fv2%2Fcomments&post=3604"}],"version-history":[{"count":1,"href":"https:\/\/www.monzalecco.lombardia.cisl.it\/index.php?rest_route=\/wp\/v2\/posts\/3604\/revisions"}],"predecessor-version":[{"id":3606,"href":"https:\/\/www.monzalecco.lombardia.cisl.it\/index.php?rest_route=\/wp\/v2\/posts\/3604\/revisions\/3606"}],"wp:featuredmedia":[{"embeddable":true,"href":"https:\/\/www.monzalecco.lombardia.cisl.it\/index.php?rest_route=\/wp\/v2\/media\/3607"}],"wp:attachment":[{"href":"https:\/\/www.monzalecco.lombardia.cisl.it\/index.php?rest_route=%2Fwp%2Fv2%2Fmedia&parent=3604"}],"wp:term":[{"taxonomy":"category","embeddable":true,"href":"https:\/\/www.monzalecco.lombardia.cisl.it\/index.php?rest_route=%2Fwp%2Fv2%2Fcategories&post=3604"},{"taxonomy":"post_tag","embeddable":true,"href":"https:\/\/www.monzalecco.lombardia.cisl.it\/index.php?rest_route=%2Fwp%2Fv2%2Ftags&post=3604"}],"curies":[{"name":"wp","href":"https:\/\/api.w.org\/{rel}","templated":true}]}}