{"id":3657,"date":"2018-11-28T18:12:52","date_gmt":"2018-11-28T17:12:52","guid":{"rendered":"http:\/\/www.monzalecco.lombardia.cisl.it\/?p=3657"},"modified":"2018-11-28T18:21:15","modified_gmt":"2018-11-28T17:21:15","slug":"rsu-stm-si-vota-scegli-fim","status":"publish","type":"post","link":"https:\/\/www.monzalecco.lombardia.cisl.it\/?p=3657","title":{"rendered":"Rsu Stm, si vota ad Agrate. Scegli Fim"},"content":{"rendered":"<p>Tanto \u00e8 stato fatto. Tanto resta da fare. Per questo motivo, la Fim Cisl chiede ai 4.450 lavoratori della Stm di Agrate Brianza, la societ\u00e0 italofrancese che produce\u00a0componenti elettronici\u00a0a\u00a0semiconduttore, di votare i candidati della propria lista nelle elezioni per la Rsu che si terranno dal 3 al 15 dicembre. \u00abAbbiamo 27 candidati (17 impiegati e 10 operai) \u2013 spiega Sergio Mariani, storico delegato della Fim Cisl \u2013 sono tutte persone valide che mettono la loro esperienza al servizio di tutta la societ\u00e0. Nella Rsu uscente avevamo il 40% dei delegati, puntiamo, se possibile, a migliorare questo risultato. Dalla nostra parte ci sono gli ottimi risultati portati a casa in questi ultimi anni\u00bb.<\/p>\n<p>Ma quali sono questi risultati? \u00abNel contratto integrativo che abbiamo firmato \u2013 continua Mariani \u2013 sono stati introdotti e resi definitivi i 21 turni basati su tre giorni di lavoro e due di riposo. Ci\u00f2 ha permesso di avere un orario medio settimanale di meno di 35 ore con un\u2019occupazione aggiuntiva\u00bb. Nello stesso integrativo \u00e8 previsto un premio di risultato con un massimale di tremila euro oltre a crediti welfare, contributi per assistenza sanitaria, maggiore accesso al part-time.<\/p>\n<p>La Fim Cisl per\u00f2 guarda avanti. \u00abQuello di Agrate Brianza \u2013 continua Mariani \u2013 \u00e8 un sito molto importante e noi vogliamo dare un futuro a questa realt\u00e0 produttiva, di progettazione e di marketing. Come? Anzitutto verificando che l\u2019investimento per la linea R3, che permette la costruzione di fette di silicio di 12 pollici per chip e microchip, sia implementato. Non solo, ma chiediamo e ci batteremo affinch\u00e9 la prevista linea di sviluppo si trasformi in una linea produttiva vera e propria\u00bb.<\/p>\n<p>La Fim si batter\u00e0 anche per le pari opportunit\u00e0 cercando di colmare le disparit\u00e0 salariali e di crescita professionale e per un aumento dell\u2019occupazione femminile. \u00abLe pari opportunit\u00e0 \u2013 continua Mariani \u2013 sono solo una parte del nostro impegno. Come Fim lavoreremo anche per una migliore conciliazione vita\/lavoro, per aumentare la sicurezza nei raparti produttivi e perch\u00e9 la societ\u00e0 si faccia carico di una maggiore responsabilit\u00e0 sociale verso il territorio. Ovviamente seguiremo da vicino anche la gestione del premio di produzione e degli orari\u00bb. Il lavoro fatto \u00e8 stato tanto. L&#8217;impegno per\u00f2 non finisce con questa Rsu. Per questo votare Fim \u00e8 una garanzia per il futuro della Stm.<\/p>\n<div id='gallery-1' class='czr-gallery row flex-row czr-gallery-style gallery galleryid-3657 gallery-columns-3 gallery-size-thumbnail'><figure class='gallery-item col col-auto'>\r\n                        <div class='gallery-icon portrait czr-gallery-icon'>\r\n                              <a href=https:\/\/www.monzalecco.lombardia.cisl.it\/?attachment_id=3660 class=\"bg-link\"><\/a><img loading=\"lazy\" decoding=\"async\" width=\"150\" height=\"150\" src=\"https:\/\/www.monzalecco.lombardia.cisl.it\/wp-content\/uploads\/2018\/11\/IMG-20181128-WA0003-150x150.jpg\" class=\"attachment-thumbnail size-thumbnail\" alt=\"\" sizes=\"auto, (min-width: 1200px) 255px, (min-width: 992px) 210px, (min-width: 576px) 150px, calc( 50vw - 30px )\" srcset=\"https:\/\/www.monzalecco.lombardia.cisl.it\/wp-content\/uploads\/2018\/11\/IMG-20181128-WA0003-150x150.jpg 150w, https:\/\/www.monzalecco.lombardia.cisl.it\/wp-content\/uploads\/2018\/11\/IMG-20181128-WA0003-510x510.jpg 510w\" \/><div class=\"post-action btn btn-skin-dark-shaded inverted\"><a href=\"https:\/\/www.monzalecco.lombardia.cisl.it\/wp-content\/uploads\/2018\/11\/IMG-20181128-WA0003.jpg\" class=\"icn-expand\" data-lb-type=\"grouped-gallery\"><\/a><\/div>\r\n                        <\/div><\/figure><figure class='gallery-item col col-auto'>\r\n                        <div class='gallery-icon portrait czr-gallery-icon'>\r\n                              <a href=https:\/\/www.monzalecco.lombardia.cisl.it\/?attachment_id=3661 class=\"bg-link\"><\/a><img loading=\"lazy\" decoding=\"async\" width=\"150\" height=\"150\" src=\"https:\/\/www.monzalecco.lombardia.cisl.it\/wp-content\/uploads\/2018\/11\/IMG-20181128-WA0004-150x150.jpg\" class=\"attachment-thumbnail size-thumbnail\" alt=\"\" sizes=\"auto, (min-width: 1200px) 255px, (min-width: 992px) 210px, (min-width: 576px) 150px, calc( 50vw - 30px )\" srcset=\"https:\/\/www.monzalecco.lombardia.cisl.it\/wp-content\/uploads\/2018\/11\/IMG-20181128-WA0004-150x150.jpg 150w, https:\/\/www.monzalecco.lombardia.cisl.it\/wp-content\/uploads\/2018\/11\/IMG-20181128-WA0004-510x510.jpg 510w\" \/><div class=\"post-action btn btn-skin-dark-shaded inverted\"><a href=\"https:\/\/www.monzalecco.lombardia.cisl.it\/wp-content\/uploads\/2018\/11\/IMG-20181128-WA0004.jpg\" class=\"icn-expand\" data-lb-type=\"grouped-gallery\"><\/a><\/div>\r\n                        <\/div><\/figure><figure class='gallery-item col col-auto'>\r\n                        <div class='gallery-icon portrait czr-gallery-icon'>\r\n                              <a href=https:\/\/www.monzalecco.lombardia.cisl.it\/?attachment_id=3662 class=\"bg-link\"><\/a><img loading=\"lazy\" decoding=\"async\" width=\"150\" height=\"150\" src=\"https:\/\/www.monzalecco.lombardia.cisl.it\/wp-content\/uploads\/2018\/11\/IMG-20181128-WA0005-150x150.jpg\" class=\"attachment-thumbnail size-thumbnail\" alt=\"\" sizes=\"auto, (min-width: 1200px) 255px, (min-width: 992px) 210px, (min-width: 576px) 150px, calc( 50vw - 30px )\" srcset=\"https:\/\/www.monzalecco.lombardia.cisl.it\/wp-content\/uploads\/2018\/11\/IMG-20181128-WA0005-150x150.jpg 150w, https:\/\/www.monzalecco.lombardia.cisl.it\/wp-content\/uploads\/2018\/11\/IMG-20181128-WA0005-510x510.jpg 510w\" \/><div class=\"post-action btn btn-skin-dark-shaded inverted\"><a href=\"https:\/\/www.monzalecco.lombardia.cisl.it\/wp-content\/uploads\/2018\/11\/IMG-20181128-WA0005.jpg\" class=\"icn-expand\" data-lb-type=\"grouped-gallery\"><\/a><\/div>\r\n                        <\/div><\/figure><figure class='gallery-item col col-auto'>\r\n                        <div class='gallery-icon portrait czr-gallery-icon'>\r\n                              <a href=https:\/\/www.monzalecco.lombardia.cisl.it\/?attachment_id=3663 class=\"bg-link\"><\/a><img loading=\"lazy\" decoding=\"async\" width=\"150\" height=\"150\" src=\"https:\/\/www.monzalecco.lombardia.cisl.it\/wp-content\/uploads\/2018\/11\/IMG-20181128-WA0006-150x150.jpg\" class=\"attachment-thumbnail size-thumbnail\" alt=\"\" sizes=\"auto, (min-width: 1200px) 255px, (min-width: 992px) 210px, (min-width: 576px) 150px, calc( 50vw - 30px )\" srcset=\"https:\/\/www.monzalecco.lombardia.cisl.it\/wp-content\/uploads\/2018\/11\/IMG-20181128-WA0006-150x150.jpg 150w, https:\/\/www.monzalecco.lombardia.cisl.it\/wp-content\/uploads\/2018\/11\/IMG-20181128-WA0006-510x510.jpg 510w\" \/><div class=\"post-action btn btn-skin-dark-shaded inverted\"><a href=\"https:\/\/www.monzalecco.lombardia.cisl.it\/wp-content\/uploads\/2018\/11\/IMG-20181128-WA0006.jpg\" class=\"icn-expand\" data-lb-type=\"grouped-gallery\"><\/a><\/div>\r\n                        <\/div><\/figure>\r\n                  <\/div>\n\n","protected":false},"excerpt":{"rendered":"<p>Tanto \u00e8 stato fatto. Tanto resta da fare. Per questo motivo, la Fim Cisl chiede ai 4.450 lavoratori della Stm di Agrate Brianza, la societ\u00e0 italofrancese che produce\u00a0componenti elettronici\u00a0a\u00a0semiconduttore, di votare i candidati della propria lista nelle elezioni per la Rsu che si terranno dal 3 al 15 dicembre. \u00abAbbiamo 27 candidati (17 impiegati e [&hellip;]<\/p>\n","protected":false},"author":5,"featured_media":3045,"comment_status":"closed","ping_status":"open","sticky":false,"template":"","format":"standard","meta":{"footnotes":""},"categories":[1],"tags":[27,201],"class_list":{"0":"post-3657","1":"post","2":"type-post","3":"status-publish","4":"format-standard","5":"has-post-thumbnail","7":"category-notizie","8":"tag-fim","9":"tag-rsu","10":"czr-hentry"},"_links":{"self":[{"href":"https:\/\/www.monzalecco.lombardia.cisl.it\/index.php?rest_route=\/wp\/v2\/posts\/3657","targetHints":{"allow":["GET"]}}],"collection":[{"href":"https:\/\/www.monzalecco.lombardia.cisl.it\/index.php?rest_route=\/wp\/v2\/posts"}],"about":[{"href":"https:\/\/www.monzalecco.lombardia.cisl.it\/index.php?rest_route=\/wp\/v2\/types\/post"}],"author":[{"embeddable":true,"href":"https:\/\/www.monzalecco.lombardia.cisl.it\/index.php?rest_route=\/wp\/v2\/users\/5"}],"replies":[{"embeddable":true,"href":"https:\/\/www.monzalecco.lombardia.cisl.it\/index.php?rest_route=%2Fwp%2Fv2%2Fcomments&post=3657"}],"version-history":[{"count":3,"href":"https:\/\/www.monzalecco.lombardia.cisl.it\/index.php?rest_route=\/wp\/v2\/posts\/3657\/revisions"}],"predecessor-version":[{"id":3664,"href":"https:\/\/www.monzalecco.lombardia.cisl.it\/index.php?rest_route=\/wp\/v2\/posts\/3657\/revisions\/3664"}],"wp:featuredmedia":[{"embeddable":true,"href":"https:\/\/www.monzalecco.lombardia.cisl.it\/index.php?rest_route=\/wp\/v2\/media\/3045"}],"wp:attachment":[{"href":"https:\/\/www.monzalecco.lombardia.cisl.it\/index.php?rest_route=%2Fwp%2Fv2%2Fmedia&parent=3657"}],"wp:term":[{"taxonomy":"category","embeddable":true,"href":"https:\/\/www.monzalecco.lombardia.cisl.it\/index.php?rest_route=%2Fwp%2Fv2%2Fcategories&post=3657"},{"taxonomy":"post_tag","embeddable":true,"href":"https:\/\/www.monzalecco.lombardia.cisl.it\/index.php?rest_route=%2Fwp%2Fv2%2Ftags&post=3657"}],"curies":[{"name":"wp","href":"https:\/\/api.w.org\/{rel}","templated":true}]}}