{"id":3728,"date":"2018-12-07T16:45:28","date_gmt":"2018-12-07T15:45:28","guid":{"rendered":"http:\/\/www.monzalecco.lombardia.cisl.it\/?p=3728"},"modified":"2018-12-07T16:45:28","modified_gmt":"2018-12-07T15:45:28","slug":"sciopero-nei-comparti-acqua-gas-ed-elettricita","status":"publish","type":"post","link":"https:\/\/www.monzalecco.lombardia.cisl.it\/?p=3728","title":{"rendered":"Sciopero nei comparti acqua, gas ed elettricit\u00e0"},"content":{"rendered":"<p>Il 17 novembre i lavoratori dei comparti elettrico, acqua e gas scioperano per otto ore. La protesta, che ha carattere nazionale, interessa anche i territori della Brianza e del Lecchese.<\/p>\n<p>Tre le ragioni dell\u2019astensione dal lavoro. La prima \u00e8 per scongiurare gli effetti del Codice degli appalti. \u00abSe la norma dovesse applicarsi \u2013 spiegano i responsabili di Femca Cisl e Flaei Cisl \u2013 molte societ\u00e0 si trasformerebbero in un sol colpo in piccole e medie societ\u00e0 appaltatrici che dequalificherebbero servizi essenziali per la comunit\u00e0, senza poter fare quegli investimenti necessari per modernizzare le infrastrutture energetiche. I concessionari sarebbero sostanzialmente espropriati delle attivita\u0300 inerenti la concessione, divenendo delle mere stazioni appaltanti prive di ruoli operativi e gestionali, e si determinerebbe una polverizzazione a favore di terzi\u00bb.<\/p>\n<p>Il secondo motivo \u00e8 l\u2019esclusione da parte del governo della geotermia come una dalle fonti energetiche rinnovabili meritevoli di incentivazione. \u00abUna scelta assurda e scellerata \u2013 spiegano i sindacalisti -. Se attuata, portera\u0300 pesantissime conseguenze anche in questo settore che vede una occupazione di oltre 2000 addetti diretti e indiretti, in quanto la fine degli incentivi non rendera\u0300 piu\u0300 economicamente sostenibili gli investimenti a causa dell\u2019altissimo rischio di impresa\u00bb.<\/p>\n<p>Infine, i lavoratori incroceranno le braccia per protestare contro il ritorno alla costituzione di aziende speciali o enti di diritto pubblico nel settore del servizio idrico. \u00abCosi\u0300 facendo &#8211; concludono i sindacalisti &#8211; si rischia un blocco agli investimenti di circa 2,5 miliardi di euro oltre alla perdita del contributo Pil con il rischio per circa 70mila addetti nel settore e un forte aumento potenziale per la fiscalita\u0300 generale. Riteniamo che lo sviluppo delle infrastrutture idriche nel nostro Paese non sia legato alla natura del soggetto gestore individuato, bensi\u0300 all\u2019organizzazione delle gestioni e il ricorso agli investimenti debba garantire la diminuzione della dispersione idrica che, nelle aree in cui non si sono costituite le societa\u0300 uniche di gestione del servizio, si attesta intorno al 60%. La frammentazione della Governance aumenta i rischi sopra indicati\u00bb.<\/p>\n<p>Lo sciopero, avra\u0300 svolgimento dall\u2019inizio della giornata di lavoro fino al termine della stessa, e riguardera\u0300 ogni ciclo di turnazione.<\/p>\n","protected":false},"excerpt":{"rendered":"<p>Il 17 novembre i lavoratori dei comparti elettrico, acqua e gas scioperano per otto ore. La protesta, che ha carattere nazionale, interessa anche i territori della Brianza e del Lecchese. Tre le ragioni dell\u2019astensione dal lavoro. La prima \u00e8 per scongiurare gli effetti del Codice degli appalti. \u00abSe la norma dovesse applicarsi \u2013 spiegano i [&hellip;]<\/p>\n","protected":false},"author":5,"featured_media":3730,"comment_status":"closed","ping_status":"open","sticky":false,"template":"","format":"standard","meta":{"footnotes":""},"categories":[1],"tags":[205,204,137,206,203],"class_list":{"0":"post-3728","1":"post","2":"type-post","3":"status-publish","4":"format-standard","5":"has-post-thumbnail","7":"category-notizie","8":"tag-acqua","9":"tag-elettricita","10":"tag-flaei","11":"tag-gas","12":"tag-sciopero","13":"czr-hentry"},"_links":{"self":[{"href":"https:\/\/www.monzalecco.lombardia.cisl.it\/index.php?rest_route=\/wp\/v2\/posts\/3728","targetHints":{"allow":["GET"]}}],"collection":[{"href":"https:\/\/www.monzalecco.lombardia.cisl.it\/index.php?rest_route=\/wp\/v2\/posts"}],"about":[{"href":"https:\/\/www.monzalecco.lombardia.cisl.it\/index.php?rest_route=\/wp\/v2\/types\/post"}],"author":[{"embeddable":true,"href":"https:\/\/www.monzalecco.lombardia.cisl.it\/index.php?rest_route=\/wp\/v2\/users\/5"}],"replies":[{"embeddable":true,"href":"https:\/\/www.monzalecco.lombardia.cisl.it\/index.php?rest_route=%2Fwp%2Fv2%2Fcomments&post=3728"}],"version-history":[{"count":2,"href":"https:\/\/www.monzalecco.lombardia.cisl.it\/index.php?rest_route=\/wp\/v2\/posts\/3728\/revisions"}],"predecessor-version":[{"id":3731,"href":"https:\/\/www.monzalecco.lombardia.cisl.it\/index.php?rest_route=\/wp\/v2\/posts\/3728\/revisions\/3731"}],"wp:featuredmedia":[{"embeddable":true,"href":"https:\/\/www.monzalecco.lombardia.cisl.it\/index.php?rest_route=\/wp\/v2\/media\/3730"}],"wp:attachment":[{"href":"https:\/\/www.monzalecco.lombardia.cisl.it\/index.php?rest_route=%2Fwp%2Fv2%2Fmedia&parent=3728"}],"wp:term":[{"taxonomy":"category","embeddable":true,"href":"https:\/\/www.monzalecco.lombardia.cisl.it\/index.php?rest_route=%2Fwp%2Fv2%2Fcategories&post=3728"},{"taxonomy":"post_tag","embeddable":true,"href":"https:\/\/www.monzalecco.lombardia.cisl.it\/index.php?rest_route=%2Fwp%2Fv2%2Ftags&post=3728"}],"curies":[{"name":"wp","href":"https:\/\/api.w.org\/{rel}","templated":true}]}}