{"id":3749,"date":"2018-12-12T08:22:30","date_gmt":"2018-12-12T07:22:30","guid":{"rendered":"http:\/\/www.monzalecco.lombardia.cisl.it\/?p=3749"},"modified":"2018-12-12T08:22:30","modified_gmt":"2018-12-12T07:22:30","slug":"errore-non-firmare-il-global-compact","status":"publish","type":"post","link":"https:\/\/www.monzalecco.lombardia.cisl.it\/?p=3749","title":{"rendered":"\u00abErrore non firmare il Global compact\u00bb"},"content":{"rendered":"<p>\u00abPer Il nostro Governo l\u2019assenza alla Conferenza delle Nazioni Unite di Marrakech (Marocco) in cui circa 150 paesi hanno adottato il Global Compact, \u00e8 stata un\u2019occasione mancata\u00bb. Lo dichiara la responsabile immigrati della Cisl, Liliana Ocmin.<\/p>\n<p>\u00ab\u00c8 stato sbagliato non ratificare questo patto mondiale per una gestione sicura, ordinata e regolare dei flussi migratori. Il Global Compact \u00e8 il primo accordo globale delle Nazioni Unite che offre un approccio comune alla migrazione internazionale in molte delle sue dimensioni e poggia le sue basi sulla sovranit\u00e0 degli Stati, sulla condivisione delle responsabilit\u00e0 e sulla non discriminazione e sul rispetto dei diritti umani, bench\u00e9 manchino alcuni necessari riferimenti all\u2019immigrazione irregolare gi\u00e0 presente nei singoli paesi e il mancato confronto con la societ\u00e0 civile e le organizzazioni sindacali da sempre in prima linea su questa grande sfida.<\/p>\n<p>\u00abCon esso si vuole ridurre al minimo i fattori strutturali che costringono le persone a partire dal loro paese d\u2019origine affrontando le cause che costringono alle migrazioni; assicurare che i migranti siano in possesso di documenti legali di identit\u00e0; promuovere canali regolari di immigrazione e contrastare lo sfruttamento dei lavoratori immigrati; prevenire e combattere la tratta degli esseri umani; adottare misure per promuovere processi corretti e sostenibili di integrazione e, infine, rafforzare le politiche di cooperazione internazionale e la collaborazione tra Stati per una migrazione sicura, ordinata e regolare attraverso un approccio multilaterale e cooperativo.<\/p>\n<p>\u00abPer questi motivi la Cisl ribadisce che non firmare il Golbal Compact for Migration sia stata un\u2019occasione mancata soprattutto per il nostro Paese crocevia di migrazioni. \u00c8 miope governare il fenomeno migratorio, per sua natura mondiale, soltanto all\u2019interno dei confini nazionali peraltro attraverso provvedimenti che rischiano di non tener conto del rispetto dei diritti e della dignit\u00e0 dei richiedenti asilo, come evidenziato nella legge n.132 del 2018, e dei lavoratori immigrati soggiornanti di lungo periodo. Pertanto la Cisl invita il Parlamento italiano ad un dibattito sereno e libero da pregiudizi, auspicando che si esprima con un voto favorevole alla ratifica del Global Compact come importante strumento globale di governo e stimolo all\u2019immigrazione legale\u00bb.<\/p>\n","protected":false},"excerpt":{"rendered":"<p>\u00abPer Il nostro Governo l\u2019assenza alla Conferenza delle Nazioni Unite di Marrakech (Marocco) in cui circa 150 paesi hanno adottato il Global Compact, \u00e8 stata un\u2019occasione mancata\u00bb. Lo dichiara la responsabile immigrati della Cisl, Liliana Ocmin. \u00ab\u00c8 stato sbagliato non ratificare questo patto mondiale per una gestione sicura, ordinata e regolare dei flussi migratori. Il [&hellip;]<\/p>\n","protected":false},"author":5,"featured_media":2733,"comment_status":"closed","ping_status":"open","sticky":false,"template":"","format":"standard","meta":{"footnotes":""},"categories":[1],"tags":[31,208,209],"class_list":{"0":"post-3749","1":"post","2":"type-post","3":"status-publish","4":"format-standard","5":"has-post-thumbnail","7":"category-notizie","8":"tag-cisl","9":"tag-global-compact","10":"tag-migrazioni","11":"czr-hentry"},"_links":{"self":[{"href":"https:\/\/www.monzalecco.lombardia.cisl.it\/index.php?rest_route=\/wp\/v2\/posts\/3749","targetHints":{"allow":["GET"]}}],"collection":[{"href":"https:\/\/www.monzalecco.lombardia.cisl.it\/index.php?rest_route=\/wp\/v2\/posts"}],"about":[{"href":"https:\/\/www.monzalecco.lombardia.cisl.it\/index.php?rest_route=\/wp\/v2\/types\/post"}],"author":[{"embeddable":true,"href":"https:\/\/www.monzalecco.lombardia.cisl.it\/index.php?rest_route=\/wp\/v2\/users\/5"}],"replies":[{"embeddable":true,"href":"https:\/\/www.monzalecco.lombardia.cisl.it\/index.php?rest_route=%2Fwp%2Fv2%2Fcomments&post=3749"}],"version-history":[{"count":1,"href":"https:\/\/www.monzalecco.lombardia.cisl.it\/index.php?rest_route=\/wp\/v2\/posts\/3749\/revisions"}],"predecessor-version":[{"id":3750,"href":"https:\/\/www.monzalecco.lombardia.cisl.it\/index.php?rest_route=\/wp\/v2\/posts\/3749\/revisions\/3750"}],"wp:featuredmedia":[{"embeddable":true,"href":"https:\/\/www.monzalecco.lombardia.cisl.it\/index.php?rest_route=\/wp\/v2\/media\/2733"}],"wp:attachment":[{"href":"https:\/\/www.monzalecco.lombardia.cisl.it\/index.php?rest_route=%2Fwp%2Fv2%2Fmedia&parent=3749"}],"wp:term":[{"taxonomy":"category","embeddable":true,"href":"https:\/\/www.monzalecco.lombardia.cisl.it\/index.php?rest_route=%2Fwp%2Fv2%2Fcategories&post=3749"},{"taxonomy":"post_tag","embeddable":true,"href":"https:\/\/www.monzalecco.lombardia.cisl.it\/index.php?rest_route=%2Fwp%2Fv2%2Ftags&post=3749"}],"curies":[{"name":"wp","href":"https:\/\/api.w.org\/{rel}","templated":true}]}}