{"id":3764,"date":"2018-12-14T16:52:34","date_gmt":"2018-12-14T15:52:34","guid":{"rendered":"http:\/\/www.monzalecco.lombardia.cisl.it\/?p=3764"},"modified":"2018-12-14T16:52:34","modified_gmt":"2018-12-14T15:52:34","slug":"artigiani-legno-e-lapidei-in-attesa-dellintegrativo","status":"publish","type":"post","link":"https:\/\/www.monzalecco.lombardia.cisl.it\/?p=3764","title":{"rendered":"Artigiani legno e lapidei in attesa dell\u2019integrativo"},"content":{"rendered":"<p>Sono oltre 14mila i lavoratori artigiani del legno e lapidei dal 2015 in attesa del rinnovo del contratto integrativo lombardo, per incrementare i loro salari collegati alla produttivit\u00e0 aziendale e per un consolidamento dei diritti contrattuali. Feneal Uil, Filca Cisl e Fillea Cgil regionali sollecitano l\u2019avvio della trattativa e hanno inviato una richiesta d\u2019incontro a Confartigianato Lombardia, Cna, Clai e Casa.<\/p>\n<p>\u00abL\u2019atteggiamento di completa chiusura delle associazioni di categoria \u00e8 in netto contrasto con gli impegni e lo spirito dell\u2019accordo interconfederale nazionale del 23 novembre 2016, in materia di Politiche contrattuali e rilancio della contrattazione di secondo livello nel settore artigiano, sottoscritto dagli organismi nazionali \u2013 afferma Armando Busnelli, della Filca Cisl Lombardia -. Tutto questo mette a dura prova il sistema di relazioni intercorso in questi anni, perch\u00e9 pur nelle difficolt\u00e0 si \u00e8 sempre lavorato per superare le controversie e trovare soluzioni che ci mettessero nella condizione di esercitare in pieno il nostro ruolo negoziale\u00bb.<\/p>\n<p>A quasi tre anni dalla scadenza del contratto integrativo regionale, Feneal Uil, Filca Cisl e Fillea Cgil Lombardia ritengono \u00abgravissimo\u00bb che non si sia avviato il confronto, \u00abtanto pi\u00f9 per la mancanza di motivazioni credibili\u00bb addotte dalle associazioni artigiane.<\/p>\n<p>Nel ribadire la necessit\u00e0 e l\u2019urgenza dell\u2019avvio della negoziazione in tempi rapidi, i sindacati annunciano che in assenza di segnali distensivi da parte vostra e di una disponibilit\u00e0 ad avviare, subito dopo le festivit\u00e0 natalizie, il tavolo della contrattazione di secondo livello del settore Legno-arredamento e Lapidei, organizzeranno nuove azioni di protesta.<\/p>\n","protected":false},"excerpt":{"rendered":"<p>Sono oltre 14mila i lavoratori artigiani del legno e lapidei dal 2015 in attesa del rinnovo del contratto integrativo lombardo, per incrementare i loro salari collegati alla produttivit\u00e0 aziendale e per un consolidamento dei diritti contrattuali. Feneal Uil, Filca Cisl e Fillea Cgil regionali sollecitano l\u2019avvio della trattativa e hanno inviato una richiesta d\u2019incontro a [&hellip;]<\/p>\n","protected":false},"author":5,"featured_media":3765,"comment_status":"closed","ping_status":"open","sticky":false,"template":"","format":"standard","meta":{"footnotes":""},"categories":[1],"tags":[117,215,214],"class_list":{"0":"post-3764","1":"post","2":"type-post","3":"status-publish","4":"format-standard","5":"has-post-thumbnail","7":"category-notizie","8":"tag-artigiani","9":"tag-lapidei","10":"tag-legno","11":"czr-hentry"},"_links":{"self":[{"href":"https:\/\/www.monzalecco.lombardia.cisl.it\/index.php?rest_route=\/wp\/v2\/posts\/3764","targetHints":{"allow":["GET"]}}],"collection":[{"href":"https:\/\/www.monzalecco.lombardia.cisl.it\/index.php?rest_route=\/wp\/v2\/posts"}],"about":[{"href":"https:\/\/www.monzalecco.lombardia.cisl.it\/index.php?rest_route=\/wp\/v2\/types\/post"}],"author":[{"embeddable":true,"href":"https:\/\/www.monzalecco.lombardia.cisl.it\/index.php?rest_route=\/wp\/v2\/users\/5"}],"replies":[{"embeddable":true,"href":"https:\/\/www.monzalecco.lombardia.cisl.it\/index.php?rest_route=%2Fwp%2Fv2%2Fcomments&post=3764"}],"version-history":[{"count":1,"href":"https:\/\/www.monzalecco.lombardia.cisl.it\/index.php?rest_route=\/wp\/v2\/posts\/3764\/revisions"}],"predecessor-version":[{"id":3766,"href":"https:\/\/www.monzalecco.lombardia.cisl.it\/index.php?rest_route=\/wp\/v2\/posts\/3764\/revisions\/3766"}],"wp:featuredmedia":[{"embeddable":true,"href":"https:\/\/www.monzalecco.lombardia.cisl.it\/index.php?rest_route=\/wp\/v2\/media\/3765"}],"wp:attachment":[{"href":"https:\/\/www.monzalecco.lombardia.cisl.it\/index.php?rest_route=%2Fwp%2Fv2%2Fmedia&parent=3764"}],"wp:term":[{"taxonomy":"category","embeddable":true,"href":"https:\/\/www.monzalecco.lombardia.cisl.it\/index.php?rest_route=%2Fwp%2Fv2%2Fcategories&post=3764"},{"taxonomy":"post_tag","embeddable":true,"href":"https:\/\/www.monzalecco.lombardia.cisl.it\/index.php?rest_route=%2Fwp%2Fv2%2Ftags&post=3764"}],"curies":[{"name":"wp","href":"https:\/\/api.w.org\/{rel}","templated":true}]}}