{"id":3912,"date":"2019-01-08T10:40:59","date_gmt":"2019-01-08T09:40:59","guid":{"rendered":"http:\/\/www.monzalecco.lombardia.cisl.it\/?p=3912"},"modified":"2019-01-08T10:40:59","modified_gmt":"2019-01-08T09:40:59","slug":"reddito-cittadinanza-e-quota-100-il-decreto","status":"publish","type":"post","link":"https:\/\/www.monzalecco.lombardia.cisl.it\/?p=3912","title":{"rendered":"Reddito cittadinanza e Quota 100, il decreto"},"content":{"rendered":"<p>Finalmente \u00e8 pronta la bozza del decreto su Reddito di cittadinanza e Quota 100 (clicca <a href=\"http:\/\/www.monzalecco.lombardia.cisl.it\/wp-content\/uploads\/2019\/01\/Prot.-n.-87-del-4-gennaio-2019.pdf\">qui<\/a>). Ma che cosa prevede il testo? Ecco una breve sintesi delle misure tanto care al governo del premier Giuseppe Conte.<\/p>\n<p><strong>Reddito di cittadinanza<\/strong><br \/>\nChi \u00e8 in condizione di povert\u00e0 potr\u00e0 chiedere,\u00a0a partire da aprile 2019, il Reddito di cittadinanza firmando un patto per il lavoro che impone l\u2019impegno alla formazione, alla ricerca attiva del lavoro e all\u2019accettazione di offerte di lavoro congrue. \u00ab\u00c8 istituito a decorrere dal mese di aprile 2019 il reddito di cittadinanza\u00bb che per \u00abi nuclei familiari composti esclusivamente da uno o pi\u00f9 componente di et\u00e0 pari o superiore e 65 anni assume la denominazione di pensione di cittadinanza\u00bb si legge nella bozza del decreto. Il ministero dello Sviluppo Economico sar\u00e0 responsabile del monitoraggio dell\u2019attuazione e pubblicher\u00e0, ogni anno, un rapporto che sar\u00e0 consultabile sul sito internet del ministero. Sono 1,437.000 i nuclei familiari beneficiari, pari a 4.559.579 persone, prevede ancora la bozza, per un costo incluso gli stranieri di 8.526.606.259 euro.<\/p>\n<p><strong>Chi pu\u00f2 chiederlo<\/strong><br \/>\nPu\u00f2 essere richiesto da chi \u00e8 residente in Italia in modo continuativo \u00abda almeno 10 anni al momento della presentazione della domanda\u00bb. Il reddito verr\u00e0 erogato a chi \u00ab\u00e8 in possesso della cittadinanza italiana o di paesi facenti parti della Ue, ovvero suo familiare che sia titolare del diritto di soggiorno o del diritto di soggiorno permanente, ovvero proveniente da Paesi che hanno sottoscritto convenzioni bilaterali di sicurezza sociale, ovvero cittadino di paesi terzi in possesso del permesso di soggiorno Ue per soggiornanti di lungo periodo\u00bb.<\/p>\n<p>La cittadinanza italiana, la residenza in Italia o il permesso di soggiorno non sono gli unici requisiti richiesti. Secondo quanto riportato nella bozza, infatti, potranno richiedere il reddito di cittadinanza \u2013 che pu\u00f2 essere percepito \u00abper un periodo continuativo non superiore ai 18 mesi\u00bb &#8211; i cittadini in possesso di un Isee inferiore ai 9360 euro; un valore del patrimonio immobiliare, diverso dalla casa di abitazione, non superiore ad una soglia di 30mila euro; un valore patrimoniale mobiliare non superiore ai 6mila euro, soglia accresciuta di 2000 euro per ogni componente familiare, fino a un massimo di 10mila euro, e di 5000 euro per ogni componente con disabilit\u00e0.<\/p>\n<p>Ai\u00a0beneficiari del reddito di cittadinanza\u00a0\u00abche avviano un\u2019attivit\u00e0 lavorativa autonoma o di impresa individuale entro i primi 12 mesi di fruizione del RdC \u00e8 riconosciuto in un\u2019unica soluzione un beneficio addizionale pari a sei mensilit\u00e0\u00bb nei limiti dei 780 euro mensili. Escluso dal reddito chi possiede auto di cilindrata superiore ai 1600 cc, moto superiori ai 250 cc sar\u00e0, cos\u00ec come i proprietari di auto \u00abimmatricolate per la prima volta nei sei mesi antecedenti alla richiesta del reddito di cittadinanza\u00bb. Esclusi inoltre \u00abi soggetti che si trovano in stato detentivo\u00bb e \u00abcoloro che sono ricoverati in istituti di lunga degenza o altre strutture residenziali a totale carico dello Stato o di altra amministrazione pubblica\u00bb.<\/p>\n<p>La prima offerta di lavoro sottoposta entro i primi sei mesi al beneficiario del reddito potr\u00e0 arrivare al massimo da 100 km di distanza dalla residenza. La bozza fissa poi a 250 km la distanza per la seconda proposta, da sottoporsi fra il 6\u00b0 e il 12\u00b0 mese. A partire dal 12\u00b0 mese l\u2019offerta potr\u00e0 essere quindi sottoposta da tutta Italia, purch\u00e9 il beneficiario sia in nuclei familiari senza minori e senza disabili. Nel secondo ciclo di reddito di cittadinanza (dal 19\u00b0 al 36\u00b0 mese), si legge, \u00abtutti, anche con figli minori devono accettare l\u2019offerta di lavoro su tutto il territorio nazionale, pena la decadenza del beneficio\u00bb. Passati 12 mesi, senza nessuna offerta di lavoro, la prima offerta pu\u00f2 arrivare entro 250 km. I beneficiari del reddito di cittadinanza sono infatti obbligati ad accettare \u00abalmeno una di tre offerte congrue\u00bb di lavoro. Per offerte \u00abcongrue\u00bb si intende quelle \u00abentro 100 chilometri di distanza dalla residenza nei primi 6 mesi di fruizione, entro i 250 chilometri oltre il sesto mese di prestazione e in caso di rinnovo, se assenti non ci sono nel nucleo familiare minori o persone con disabilit\u00e0, ovunque sul territorio italiano\u00bb.<\/p>\n<p><strong>Quota 100<\/strong><br \/>\nPer quanto riguarda la sperimentazione triennale prevista nella bozza di decreto per la pensione, per il triennio 2019-2021 si potr\u00e0 andare in pensione anticipata a 62 anni di et\u00e0 e 38 di contributi. Il requisito relativo all\u2019et\u00e0 anagrafica, per\u00f2, si legge ancora, sar\u00e0 \u00absuccessivamente adeguato agli incrementi della speranza di vita\u00bb. Per maturare il diritto all\u2019accesso sar\u00e0 possibile, si legge ancora nella bozza, cumulare gli eventuali contributi maturati in altre gestioni anche se quota 100 \u00abnon \u00e8 cumulabile con i redditi da lavoro dipendente o autonomo\u00bb. Un limite questo cui fanno eccezione quei redditi da lavoro autonomo \u00aboccasionale\u00bb per un massimo di 5mila euro lordi annui e valido fino \u00aballa maturazione dei requisiti di accesso alla pensione di vecchiaia\u00bb. La prima finestra per i privati per andare in pensione \u00e8 aprile 2019 mentre la prima per i pubblici \u00e8 luglio 2019: nel primo caso devono aver maturato i requisiti di 62 anni di et\u00e0 e 38 di contributi entro il 31 dicembre 2018 (con una decorrenza di 3 mesi), mentre per i lavoratori pubblici la decorrenza \u00e8 pari a sei mesi. Sempre per i lavoratori pubblici \u00e8 previsto un preavviso alle amministrazioni di almeno sei mesi. L\u2019accesso alla pensione anticipata \u00e8 consentita, si legge ancora nella bozza di dl, \u00abse risulta maturata un\u2019anzianit\u00e0 contributiva di 42 anni e 10 mesi per gli uomini e di 41 anni e 10 mesi per le donne\u00bb. In questo caso il diritto alla decorrenza delle pensione una volta maturati i requisiti \u00e8 trimestrale. Abrogazione degli incrementi di et\u00e0 legati all\u2019aumento della speranza di vita invece per i lavoratori precoci che conseguiranno a partire dal 1 gennaio, il diritto alla decorrenza del trattamento pensionistico trascorsi 3 mesi dalla maturazione dei requisiti stessi. Proroga ma solo per un anno, fino al 31 dicembre 2019, anche dell\u2019Ape sociale per particolari categorie di lavoratori disagiati. Il diritto al trattamento pensionistico anticipato ricalcolato con il metodo contributivo infatti \u00e8 riconosciuto per le donne nate entro il 31 dicembre 1959 che abbiano maturato una anzianit\u00e0 contributiva pari o superiore ai 35 anni. Per dare \u00abpiena attuazione\u00bb alle disposizioni contenute nel decreto \u00e8 autorizzata una spesa di 50 mln di euro per l\u2019assunzione di personale da assegnare alle strutture dell\u2019Inps.<\/p>\n","protected":false},"excerpt":{"rendered":"<p>Finalmente \u00e8 pronta la bozza del decreto su Reddito di cittadinanza e Quota 100 (clicca qui). Ma che cosa prevede il testo? Ecco una breve sintesi delle misure tanto care al governo del premier Giuseppe Conte. Reddito di cittadinanza Chi \u00e8 in condizione di povert\u00e0 potr\u00e0 chiedere,\u00a0a partire da aprile 2019, il Reddito di cittadinanza [&hellip;]<\/p>\n","protected":false},"author":5,"featured_media":3334,"comment_status":"closed","ping_status":"open","sticky":false,"template":"","format":"standard","meta":{"footnotes":""},"categories":[1],"tags":[230,231],"class_list":{"0":"post-3912","1":"post","2":"type-post","3":"status-publish","4":"format-standard","5":"has-post-thumbnail","7":"category-notizie","8":"tag-quota-100","9":"tag-reddito-cittadinanza","10":"czr-hentry"},"_links":{"self":[{"href":"https:\/\/www.monzalecco.lombardia.cisl.it\/index.php?rest_route=\/wp\/v2\/posts\/3912","targetHints":{"allow":["GET"]}}],"collection":[{"href":"https:\/\/www.monzalecco.lombardia.cisl.it\/index.php?rest_route=\/wp\/v2\/posts"}],"about":[{"href":"https:\/\/www.monzalecco.lombardia.cisl.it\/index.php?rest_route=\/wp\/v2\/types\/post"}],"author":[{"embeddable":true,"href":"https:\/\/www.monzalecco.lombardia.cisl.it\/index.php?rest_route=\/wp\/v2\/users\/5"}],"replies":[{"embeddable":true,"href":"https:\/\/www.monzalecco.lombardia.cisl.it\/index.php?rest_route=%2Fwp%2Fv2%2Fcomments&post=3912"}],"version-history":[{"count":1,"href":"https:\/\/www.monzalecco.lombardia.cisl.it\/index.php?rest_route=\/wp\/v2\/posts\/3912\/revisions"}],"predecessor-version":[{"id":3914,"href":"https:\/\/www.monzalecco.lombardia.cisl.it\/index.php?rest_route=\/wp\/v2\/posts\/3912\/revisions\/3914"}],"wp:featuredmedia":[{"embeddable":true,"href":"https:\/\/www.monzalecco.lombardia.cisl.it\/index.php?rest_route=\/wp\/v2\/media\/3334"}],"wp:attachment":[{"href":"https:\/\/www.monzalecco.lombardia.cisl.it\/index.php?rest_route=%2Fwp%2Fv2%2Fmedia&parent=3912"}],"wp:term":[{"taxonomy":"category","embeddable":true,"href":"https:\/\/www.monzalecco.lombardia.cisl.it\/index.php?rest_route=%2Fwp%2Fv2%2Fcategories&post=3912"},{"taxonomy":"post_tag","embeddable":true,"href":"https:\/\/www.monzalecco.lombardia.cisl.it\/index.php?rest_route=%2Fwp%2Fv2%2Ftags&post=3912"}],"curies":[{"name":"wp","href":"https:\/\/api.w.org\/{rel}","templated":true}]}}