{"id":3926,"date":"2019-01-09T17:30:08","date_gmt":"2019-01-09T16:30:08","guid":{"rendered":"http:\/\/www.monzalecco.lombardia.cisl.it\/?p=3926"},"modified":"2019-01-09T17:30:08","modified_gmt":"2019-01-09T16:30:08","slug":"chateau-dax-niente-cassa-integrazione","status":"publish","type":"post","link":"https:\/\/www.monzalecco.lombardia.cisl.it\/?p=3926","title":{"rendered":"Chateau d&#8217;Ax, niente cassa integrazione"},"content":{"rendered":"<p>Niente cassa integrazione straordinaria alla Chateau d\u2019Ax di Lentate sul Seveso. Almeno per il momento. Questa mattina era in programma un incontro tra i rappresentanti sindacali e la direzione aziendale per mettere a punto la procedura della cig per i lavoratori del mobilificio. In quella sede per\u00f2 il consulente aziendale ha comunicato al sindacato che l\u2019azienda ha ritirato e annullato la richiesta di impiego di ammortizzatori sociali. Nonostante il fatturato dimezzato, \u00e8 stato spiegato, l\u2019organico pu\u00f2 essere impiegato interamente anche perch\u00e9, fino a marzo, \u00e8 previsto un picco di commesse. A ci\u00f2 si aggiunge il fatto che una parte dei servizi (in particolare quelli logistici), prima esternalizzati, sono stati riportati in azienda e saranno svolti direttamente dai dipendenti.<\/p>\n<p>Intanto il concordato preventivo procede. A febbraio sar\u00e0 presentato il piano di rientro e partir\u00e0 la convocazione dei creditori. \u00abValutiamo positivamente questa svolta &#8211; spiega Luigi Puppo, Filca Cisl Mbl \u2013 perch\u00e9, nonostante le difficolt\u00e0, non sono\u00a0 stati dichiarati esuberi e non si fa ricorso alla cig, quindi non ci saranno ricadute sui lavoratori. A fine marzo, comunque, ci incontreremo nuovamente e valuteremo se, calato il picco di lavoro, sar\u00e0 eventualmente necessario ricorrere ad ammortizzatori sociali\u00bb.<\/p>\n","protected":false},"excerpt":{"rendered":"<p>Niente cassa integrazione straordinaria alla Chateau d\u2019Ax di Lentate sul Seveso. Almeno per il momento. Questa mattina era in programma un incontro tra i rappresentanti sindacali e la direzione aziendale per mettere a punto la procedura della cig per i lavoratori del mobilificio. In quella sede per\u00f2 il consulente aziendale ha comunicato al sindacato che [&hellip;]<\/p>\n","protected":false},"author":5,"featured_media":3676,"comment_status":"closed","ping_status":"open","sticky":false,"template":"","format":"standard","meta":{"footnotes":""},"categories":[1],"tags":[216,162],"class_list":{"0":"post-3926","1":"post","2":"type-post","3":"status-publish","4":"format-standard","5":"has-post-thumbnail","7":"category-notizie","8":"tag-chateau-dax","9":"tag-lentate-sul-seveso","10":"czr-hentry"},"_links":{"self":[{"href":"https:\/\/www.monzalecco.lombardia.cisl.it\/index.php?rest_route=\/wp\/v2\/posts\/3926","targetHints":{"allow":["GET"]}}],"collection":[{"href":"https:\/\/www.monzalecco.lombardia.cisl.it\/index.php?rest_route=\/wp\/v2\/posts"}],"about":[{"href":"https:\/\/www.monzalecco.lombardia.cisl.it\/index.php?rest_route=\/wp\/v2\/types\/post"}],"author":[{"embeddable":true,"href":"https:\/\/www.monzalecco.lombardia.cisl.it\/index.php?rest_route=\/wp\/v2\/users\/5"}],"replies":[{"embeddable":true,"href":"https:\/\/www.monzalecco.lombardia.cisl.it\/index.php?rest_route=%2Fwp%2Fv2%2Fcomments&post=3926"}],"version-history":[{"count":1,"href":"https:\/\/www.monzalecco.lombardia.cisl.it\/index.php?rest_route=\/wp\/v2\/posts\/3926\/revisions"}],"predecessor-version":[{"id":3927,"href":"https:\/\/www.monzalecco.lombardia.cisl.it\/index.php?rest_route=\/wp\/v2\/posts\/3926\/revisions\/3927"}],"wp:featuredmedia":[{"embeddable":true,"href":"https:\/\/www.monzalecco.lombardia.cisl.it\/index.php?rest_route=\/wp\/v2\/media\/3676"}],"wp:attachment":[{"href":"https:\/\/www.monzalecco.lombardia.cisl.it\/index.php?rest_route=%2Fwp%2Fv2%2Fmedia&parent=3926"}],"wp:term":[{"taxonomy":"category","embeddable":true,"href":"https:\/\/www.monzalecco.lombardia.cisl.it\/index.php?rest_route=%2Fwp%2Fv2%2Fcategories&post=3926"},{"taxonomy":"post_tag","embeddable":true,"href":"https:\/\/www.monzalecco.lombardia.cisl.it\/index.php?rest_route=%2Fwp%2Fv2%2Ftags&post=3926"}],"curies":[{"name":"wp","href":"https:\/\/api.w.org\/{rel}","templated":true}]}}