{"id":3933,"date":"2019-01-10T10:14:50","date_gmt":"2019-01-10T09:14:50","guid":{"rendered":"http:\/\/www.monzalecco.lombardia.cisl.it\/?p=3933"},"modified":"2019-01-10T10:18:20","modified_gmt":"2019-01-10T09:18:20","slug":"tenaris-firmata-la-bozza-di-integrativo","status":"publish","type":"post","link":"https:\/\/www.monzalecco.lombardia.cisl.it\/?p=3933","title":{"rendered":"Tenaris, firmata la bozza di integrativo"},"content":{"rendered":"<p>Alla Tenaris \u00e8 stata firmata l\u2019ipotesi per il contratto integrativo. La trattativa \u00e8 stata lunghissima, partita alle 10 di marted\u00ec, si conclusa ieri, mercoled\u00ec 9 gennaio, alle 5 di mattina. La soddisfazione della Fim Cisl si materializza nella parte economica, con l\u2019aumento a regime di oltre 800 euro annui (pi\u00f9 di 600 definiti ieri e 220 introdotti dall\u2019accordo ponte del 2017, che adesso si stabilizzano), 300 euro una tantum e 50 euro di aumento del contributi in welfare; ma anche nella parte normativa, dove vengono introdotte nuove indennit\u00e0 e aumentata dello 0,2% per i giovani la quota dell\u2019azienda nel fondo Cometa.<\/p>\n<p>Inoltre, a fronte dell\u2019accordo sulla flessibilit\u00e0 degli anni scorsi, si definiscono 8 ore aggiuntive nel biennio, ma si introduce la maturazione di un\u2019ora di riduzione orario per ogni giornata di flessibilit\u00e0, che permetter\u00e0 ai lavoratori di passare pi\u00f9 tempo fuori dall\u2019azienda. Infine, viene aumentata la cifra garantita annua dei premi variabili.<\/p>\n<p>La bozza di intesa da luned\u00ec sar\u00e0 portata nelle assemblee negli stabilimenti del gruppo: Dalmine, Sabbio,\u00a0Costa Volpino, Piombino e Arcore (qui i 150 dipendenti potranno partecipare alle assemblee il 16 e il 17 gennaio). Il 18 gennaio, l&#8217;ipotesi di contratto sar\u00e0 poi sottoposta a referendum tra i lavoratori in tutti gli stabilimenti del gruppo.<\/p>\n<p>\u00abL&#8217;intesa, che arriva daopo una trattativa complicata durata pi\u00f9 di un anno, \u00e8 positiva &#8211; commenta Enrico Vacca, segretario generale Fim Cisl Mbl -. L&#8217;azienda, che pure segna un andamento positivo, opera in un settore caratterizzato da numerose problematiche legate soprattutto alle dinamiche dell&#8217;economia internazionale (e, in particolare, dai dazi imposti su numerosi prodotti dagli Stati Uniti). La Fim Cisl Mbl esprime soddisfazione per il risultato raggiunto che tutela i lavoratori e ribadisce l&#8217;importanza della contrattazione aziendale in una delle realt\u00e0 produttive pi\u00f9 importanti del territorio\u00bb.<\/p>\n","protected":false},"excerpt":{"rendered":"<p>Alla Tenaris \u00e8 stata firmata l\u2019ipotesi per il contratto integrativo. La trattativa \u00e8 stata lunghissima, partita alle 10 di marted\u00ec, si conclusa ieri, mercoled\u00ec 9 gennaio, alle 5 di mattina. La soddisfazione della Fim Cisl si materializza nella parte economica, con l\u2019aumento a regime di oltre 800 euro annui (pi\u00f9 di 600 definiti ieri e [&hellip;]<\/p>\n","protected":false},"author":5,"featured_media":3129,"comment_status":"closed","ping_status":"open","sticky":false,"template":"","format":"standard","meta":{"footnotes":""},"categories":[1],"tags":[128,27,127],"class_list":{"0":"post-3933","1":"post","2":"type-post","3":"status-publish","4":"format-standard","5":"has-post-thumbnail","7":"category-notizie","8":"tag-arcore","9":"tag-fim","10":"tag-tenaris","11":"czr-hentry"},"_links":{"self":[{"href":"https:\/\/www.monzalecco.lombardia.cisl.it\/index.php?rest_route=\/wp\/v2\/posts\/3933","targetHints":{"allow":["GET"]}}],"collection":[{"href":"https:\/\/www.monzalecco.lombardia.cisl.it\/index.php?rest_route=\/wp\/v2\/posts"}],"about":[{"href":"https:\/\/www.monzalecco.lombardia.cisl.it\/index.php?rest_route=\/wp\/v2\/types\/post"}],"author":[{"embeddable":true,"href":"https:\/\/www.monzalecco.lombardia.cisl.it\/index.php?rest_route=\/wp\/v2\/users\/5"}],"replies":[{"embeddable":true,"href":"https:\/\/www.monzalecco.lombardia.cisl.it\/index.php?rest_route=%2Fwp%2Fv2%2Fcomments&post=3933"}],"version-history":[{"count":3,"href":"https:\/\/www.monzalecco.lombardia.cisl.it\/index.php?rest_route=\/wp\/v2\/posts\/3933\/revisions"}],"predecessor-version":[{"id":3936,"href":"https:\/\/www.monzalecco.lombardia.cisl.it\/index.php?rest_route=\/wp\/v2\/posts\/3933\/revisions\/3936"}],"wp:featuredmedia":[{"embeddable":true,"href":"https:\/\/www.monzalecco.lombardia.cisl.it\/index.php?rest_route=\/wp\/v2\/media\/3129"}],"wp:attachment":[{"href":"https:\/\/www.monzalecco.lombardia.cisl.it\/index.php?rest_route=%2Fwp%2Fv2%2Fmedia&parent=3933"}],"wp:term":[{"taxonomy":"category","embeddable":true,"href":"https:\/\/www.monzalecco.lombardia.cisl.it\/index.php?rest_route=%2Fwp%2Fv2%2Fcategories&post=3933"},{"taxonomy":"post_tag","embeddable":true,"href":"https:\/\/www.monzalecco.lombardia.cisl.it\/index.php?rest_route=%2Fwp%2Fv2%2Ftags&post=3933"}],"curies":[{"name":"wp","href":"https:\/\/api.w.org\/{rel}","templated":true}]}}